{"id":2680,"date":"2011-08-20T00:00:00","date_gmt":"2011-08-20T00:00:00","guid":{"rendered":"https:\/\/equipvinyesdabad.com\/?p=2680"},"modified":"2024-10-31T20:16:37","modified_gmt":"2024-10-31T20:16:37","slug":"en-ferrol-un-pinchazo-deja-a-vinyes-mercader-en-el-segundo-puesto-entre-los-2rm","status":"publish","type":"post","link":"https:\/\/equipvinyesdabad.com\/es\/rallys\/en-ferrol-un-pinchazo-deja-a-vinyes-mercader-en-el-segundo-puesto-entre-los-2rm\/","title":{"rendered":"En Ferrol, un pinchazo deja a Vinyes-Mercader en el segundo puesto entre los 2RM."},"content":{"rendered":"<p>Joan Vinyes-Jordi Mercader (Suzuki Swift S1600) vieron rota su racha de triunfos en el 42\u00ba Rally de Ferrol. Un pinchazo en la primera pasada por Montfero-Montfero les retras\u00f3 hasta la segunda posici\u00f3n de la clasificaci\u00f3n del Campeonato de Espa\u00f1a, categor\u00eda de dos ruedas motrices (2RM) hasta 1600 cc. Hasta este momento Vinyes-Mercader hab\u00edan sido los claros dominadores de la prueba de Ferrol, hab\u00edan marcado el mejor registro de su categor\u00eda en todas las especiales y las diferencias parec\u00eda definitivas, pero &#8230;<br \/>\nAdem\u00e1s Vinyes-Mercader tambi\u00e9n estuvieron de manera regular entre los diez mejores de la clasificaci\u00f3n absoluta, en un rally que se preve\u00eda complicado, pero que en el momento de la verdad super\u00f3 con creces la previsi\u00f3n inicial. El piloto de Suzuki Motorsport se situ\u00f3 en esta ocasi\u00f3n en la sexta plaza final. <\/p>\n","protected":false},"excerpt":{"rendered":"<p>Joan Vinyes-Jordi Mercader (Suzuki Swift S1600) vieron rota su racha de triunfos en el 42\u00ba Rally de Ferrol. Un pinchazo en la primera pasada por Montfero-Montfero les retras\u00f3 hasta la segunda posici\u00f3n de la clasificaci\u00f3n del Campeonato de Espa\u00f1a, categor\u00eda de dos ruedas motrices (2RM) hasta 1600 cc. Hasta este momento Vinyes-Mercader hab\u00edan sido los claros dominadores de la prueba de Ferrol, hab\u00edan marcado el mejor registro de su categor\u00eda en todas las especiales y las diferencias parec\u00eda definitivas, pero &#8230;<br \/>\nAdem\u00e1s Vinyes-Mercader tambi\u00e9n estuvieron de manera regular entre los diez mejores de la clasificaci\u00f3n absoluta, en un rally que se preve\u00eda complicado, pero que en el momento de la verdad super\u00f3 con creces la previsi\u00f3n inicial. El piloto de Suzuki Motorsport se situ\u00f3 en esta ocasi\u00f3n en la sexta plaza final. <\/p>\n","protected":false},"author":1,"featured_media":1875,"comment_status":"closed","ping_status":"closed","sticky":false,"template":"","format":"standard","meta":{"_kadence_starter_templates_imported_post":false,"_kad_post_transparent":"","_kad_post_title":"","_kad_post_layout":"","_kad_post_sidebar_id":"","_kad_post_content_style":"","_kad_post_vertical_padding":"","_kad_post_feature":"","_kad_post_feature_position":"","_kad_post_header":false,"_kad_post_footer":false,"_kad_post_classname":"","footnotes":""},"categories":[46,60],"tags":[],"class_list":["post-2680","post","type-post","status-publish","format-standard","has-post-thumbnail","hentry","category-rallys","category-rallys-asfalto"],"yoast_head":"<!-- This site is optimized with the Yoast SEO plugin v27.4 - https:\/\/yoast.com\/product\/yoast-seo-wordpress\/ -->\n<title>En Ferrol, un pinchazo deja a Vinyes-Mercader en el segundo puesto entre los 2RM. - Equip vinyes dabad<\/title>\n<meta name=\"robots\" content=\"index, follow, max-snippet:-1, max-image-preview:large, max-video-preview:-1\" \/>\n<link rel=\"canonical\" href=\"https:\/\/equipvinyesdabad.com\/es\/rallys\/en-ferrol-un-pinchazo-deja-a-vinyes-mercader-en-el-segundo-puesto-entre-los-2rm\/\" \/>\n<meta property=\"og:locale\" content=\"es_ES\" \/>\n<meta property=\"og:type\" content=\"article\" \/>\n<meta property=\"og:title\" content=\"En Ferrol, un pinchazo deja a Vinyes-Mercader en el segundo puesto entre los 2RM. - Equip vinyes dabad\" \/>\n<meta property=\"og:description\" content=\"Joan Vinyes-Jordi Mercader (Suzuki Swift S1600) vieron rota su racha de triunfos en el 42\u00ba Rally de Ferrol. Un pinchazo en la primera pasada por Montfero-Montfero les retras\u00f3 hasta la segunda posici\u00f3n de la clasificaci\u00f3n del Campeonato de Espa\u00f1a, categor\u00eda de dos ruedas motrices (2RM) hasta 1600 cc. Hasta este momento Vinyes-Mercader hab\u00edan sido los claros dominadores de la prueba de Ferrol, hab\u00edan marcado el mejor registro de su categor\u00eda en todas las especiales y las diferencias parec\u00eda definitivas, pero ... Adem\u00e1s Vinyes-Mercader tambi\u00e9n estuvieron de manera regular entre los diez mejores de la clasificaci\u00f3n absoluta, en un rally que se preve\u00eda complicado, pero que en el momento de la verdad super\u00f3 con creces la previsi\u00f3n inicial. El piloto de Suzuki Motorsport se situ\u00f3 en esta ocasi\u00f3n en la sexta plaza final.\" \/>\n<meta property=\"og:url\" content=\"https:\/\/equipvinyesdabad.com\/es\/rallys\/en-ferrol-un-pinchazo-deja-a-vinyes-mercader-en-el-segundo-puesto-entre-los-2rm\/\" \/>\n<meta property=\"og:site_name\" content=\"Equip vinyes dabad\" \/>\n<meta property=\"article:published_time\" content=\"2011-08-20T00:00:00+00:00\" \/>\n<meta property=\"article:modified_time\" content=\"2024-10-31T20:16:37+00:00\" \/>\n<meta property=\"og:image\" content=\"https:\/\/equipvinyesdabad.com\/wp-content\/uploads\/2024\/10\/logo_vinyes_dabad.png\" \/>\n\t<meta property=\"og:image:width\" content=\"250\" \/>\n\t<meta property=\"og:image:height\" content=\"130\" \/>\n\t<meta property=\"og:image:type\" content=\"image\/png\" \/>\n<meta name=\"author\" content=\"admin\" \/>\n<meta name=\"twitter:card\" content=\"summary_large_image\" \/>\n<meta name=\"twitter:label1\" content=\"Escrito por\" \/>\n\t<meta name=\"twitter:data1\" content=\"admin\" \/>\n\t<meta name=\"twitter:label2\" content=\"Tiempo de lectura\" \/>\n\t<meta name=\"twitter:data2\" content=\"1 minuto\" \/>\n<script type=\"application\/ld+json\" class=\"yoast-schema-graph\">{\"@context\":\"https:\\\/\\\/schema.org\",\"@graph\":[{\"@type\":\"Article\",\"@id\":\"https:\\\/\\\/equipvinyesdabad.com\\\/es\\\/rallys\\\/en-ferrol-un-pinchazo-deja-a-vinyes-mercader-en-el-segundo-puesto-entre-los-2rm\\\/#article\",\"isPartOf\":{\"@id\":\"https:\\\/\\\/equipvinyesdabad.com\\\/es\\\/rallys\\\/en-ferrol-un-pinchazo-deja-a-vinyes-mercader-en-el-segundo-puesto-entre-los-2rm\\\/\"},\"author\":{\"name\":\"admin\",\"@id\":\"https:\\\/\\\/equipvinyesdabad.com\\\/es\\\/#\\\/schema\\\/person\\\/962b4c681d63fd4fbd546ec83b775c1b\"},\"headline\":\"En Ferrol, un pinchazo deja a Vinyes-Mercader en el segundo puesto entre los 2RM.\",\"datePublished\":\"2011-08-20T00:00:00+00:00\",\"dateModified\":\"2024-10-31T20:16:37+00:00\",\"mainEntityOfPage\":{\"@id\":\"https:\\\/\\\/equipvinyesdabad.com\\\/es\\\/rallys\\\/en-ferrol-un-pinchazo-deja-a-vinyes-mercader-en-el-segundo-puesto-entre-los-2rm\\\/\"},\"wordCount\":157,\"image\":{\"@id\":\"https:\\\/\\\/equipvinyesdabad.com\\\/es\\\/rallys\\\/en-ferrol-un-pinchazo-deja-a-vinyes-mercader-en-el-segundo-puesto-entre-los-2rm\\\/#primaryimage\"},\"thumbnailUrl\":\"https:\\\/\\\/equipvinyesdabad.com\\\/wp-content\\\/uploads\\\/2011\\\/08\\\/04JoanV8160.jpg\",\"articleSection\":[\"Rallys\",\"Rallys asfalto\"],\"inLanguage\":\"es\"},{\"@type\":\"WebPage\",\"@id\":\"https:\\\/\\\/equipvinyesdabad.com\\\/es\\\/rallys\\\/en-ferrol-un-pinchazo-deja-a-vinyes-mercader-en-el-segundo-puesto-entre-los-2rm\\\/\",\"url\":\"https:\\\/\\\/equipvinyesdabad.com\\\/es\\\/rallys\\\/en-ferrol-un-pinchazo-deja-a-vinyes-mercader-en-el-segundo-puesto-entre-los-2rm\\\/\",\"name\":\"En Ferrol, un pinchazo deja a Vinyes-Mercader en el segundo puesto entre los 2RM. - Equip vinyes dabad\",\"isPartOf\":{\"@id\":\"https:\\\/\\\/equipvinyesdabad.com\\\/es\\\/#website\"},\"primaryImageOfPage\":{\"@id\":\"https:\\\/\\\/equipvinyesdabad.com\\\/es\\\/rallys\\\/en-ferrol-un-pinchazo-deja-a-vinyes-mercader-en-el-segundo-puesto-entre-los-2rm\\\/#primaryimage\"},\"image\":{\"@id\":\"https:\\\/\\\/equipvinyesdabad.com\\\/es\\\/rallys\\\/en-ferrol-un-pinchazo-deja-a-vinyes-mercader-en-el-segundo-puesto-entre-los-2rm\\\/#primaryimage\"},\"thumbnailUrl\":\"https:\\\/\\\/equipvinyesdabad.com\\\/wp-content\\\/uploads\\\/2011\\\/08\\\/04JoanV8160.jpg\",\"datePublished\":\"2011-08-20T00:00:00+00:00\",\"dateModified\":\"2024-10-31T20:16:37+00:00\",\"author\":{\"@id\":\"https:\\\/\\\/equipvinyesdabad.com\\\/es\\\/#\\\/schema\\\/person\\\/962b4c681d63fd4fbd546ec83b775c1b\"},\"breadcrumb\":{\"@id\":\"https:\\\/\\\/equipvinyesdabad.com\\\/es\\\/rallys\\\/en-ferrol-un-pinchazo-deja-a-vinyes-mercader-en-el-segundo-puesto-entre-los-2rm\\\/#breadcrumb\"},\"inLanguage\":\"es\",\"potentialAction\":[{\"@type\":\"ReadAction\",\"target\":[\"https:\\\/\\\/equipvinyesdabad.com\\\/es\\\/rallys\\\/en-ferrol-un-pinchazo-deja-a-vinyes-mercader-en-el-segundo-puesto-entre-los-2rm\\\/\"]}]},{\"@type\":\"ImageObject\",\"inLanguage\":\"es\",\"@id\":\"https:\\\/\\\/equipvinyesdabad.com\\\/es\\\/rallys\\\/en-ferrol-un-pinchazo-deja-a-vinyes-mercader-en-el-segundo-puesto-entre-los-2rm\\\/#primaryimage\",\"url\":\"https:\\\/\\\/equipvinyesdabad.com\\\/wp-content\\\/uploads\\\/2011\\\/08\\\/04JoanV8160.jpg\",\"contentUrl\":\"https:\\\/\\\/equipvinyesdabad.com\\\/wp-content\\\/uploads\\\/2011\\\/08\\\/04JoanV8160.jpg\"},{\"@type\":\"BreadcrumbList\",\"@id\":\"https:\\\/\\\/equipvinyesdabad.com\\\/es\\\/rallys\\\/en-ferrol-un-pinchazo-deja-a-vinyes-mercader-en-el-segundo-puesto-entre-los-2rm\\\/#breadcrumb\",\"itemListElement\":[{\"@type\":\"ListItem\",\"position\":1,\"name\":\"Inicio\",\"item\":\"https:\\\/\\\/equipvinyesdabad.com\\\/es\\\/\"},{\"@type\":\"ListItem\",\"position\":2,\"name\":\"En Ferrol, un pinchazo deja a Vinyes-Mercader en el segundo puesto entre los 2RM.\"}]},{\"@type\":\"WebSite\",\"@id\":\"https:\\\/\\\/equipvinyesdabad.com\\\/es\\\/#website\",\"url\":\"https:\\\/\\\/equipvinyesdabad.com\\\/es\\\/\",\"name\":\"Equip vinyes dabad\",\"description\":\"\",\"potentialAction\":[{\"@type\":\"SearchAction\",\"target\":{\"@type\":\"EntryPoint\",\"urlTemplate\":\"https:\\\/\\\/equipvinyesdabad.com\\\/es\\\/?s={search_term_string}\"},\"query-input\":{\"@type\":\"PropertyValueSpecification\",\"valueRequired\":true,\"valueName\":\"search_term_string\"}}],\"inLanguage\":\"es\"},{\"@type\":\"Person\",\"@id\":\"https:\\\/\\\/equipvinyesdabad.com\\\/es\\\/#\\\/schema\\\/person\\\/962b4c681d63fd4fbd546ec83b775c1b\",\"name\":\"admin\",\"image\":{\"@type\":\"ImageObject\",\"inLanguage\":\"es\",\"@id\":\"https:\\\/\\\/secure.gravatar.com\\\/avatar\\\/6d1c6cfbf1c3aed75f7a05f946b76867c29d677b49f81545b6b9bc58677b08a0?s=96&d=mm&r=g\",\"url\":\"https:\\\/\\\/secure.gravatar.com\\\/avatar\\\/6d1c6cfbf1c3aed75f7a05f946b76867c29d677b49f81545b6b9bc58677b08a0?s=96&d=mm&r=g\",\"contentUrl\":\"https:\\\/\\\/secure.gravatar.com\\\/avatar\\\/6d1c6cfbf1c3aed75f7a05f946b76867c29d677b49f81545b6b9bc58677b08a0?s=96&d=mm&r=g\",\"caption\":\"admin\"},\"sameAs\":[\"https:\\\/\\\/equipvinyesdabad.com\"],\"url\":\"https:\\\/\\\/equipvinyesdabad.com\\\/es\\\/author\\\/web1\\\/\"}]}<\/script>\n<!-- \/ Yoast SEO plugin. -->","yoast_head_json":{"title":"En Ferrol, un pinchazo deja a Vinyes-Mercader en el segundo puesto entre los 2RM. - Equip vinyes dabad","robots":{"index":"index","follow":"follow","max-snippet":"max-snippet:-1","max-image-preview":"max-image-preview:large","max-video-preview":"max-video-preview:-1"},"canonical":"https:\/\/equipvinyesdabad.com\/es\/rallys\/en-ferrol-un-pinchazo-deja-a-vinyes-mercader-en-el-segundo-puesto-entre-los-2rm\/","og_locale":"es_ES","og_type":"article","og_title":"En Ferrol, un pinchazo deja a Vinyes-Mercader en el segundo puesto entre los 2RM. - Equip vinyes dabad","og_description":"Joan Vinyes-Jordi Mercader (Suzuki Swift S1600) vieron rota su racha de triunfos en el 42\u00ba Rally de Ferrol. Un pinchazo en la primera pasada por Montfero-Montfero les retras\u00f3 hasta la segunda posici\u00f3n de la clasificaci\u00f3n del Campeonato de Espa\u00f1a, categor\u00eda de dos ruedas motrices (2RM) hasta 1600 cc. Hasta este momento Vinyes-Mercader hab\u00edan sido los claros dominadores de la prueba de Ferrol, hab\u00edan marcado el mejor registro de su categor\u00eda en todas las especiales y las diferencias parec\u00eda definitivas, pero ... Adem\u00e1s Vinyes-Mercader tambi\u00e9n estuvieron de manera regular entre los diez mejores de la clasificaci\u00f3n absoluta, en un rally que se preve\u00eda complicado, pero que en el momento de la verdad super\u00f3 con creces la previsi\u00f3n inicial. El piloto de Suzuki Motorsport se situ\u00f3 en esta ocasi\u00f3n en la sexta plaza final.","og_url":"https:\/\/equipvinyesdabad.com\/es\/rallys\/en-ferrol-un-pinchazo-deja-a-vinyes-mercader-en-el-segundo-puesto-entre-los-2rm\/","og_site_name":"Equip vinyes dabad","article_published_time":"2011-08-20T00:00:00+00:00","article_modified_time":"2024-10-31T20:16:37+00:00","og_image":[{"width":250,"height":130,"url":"https:\/\/equipvinyesdabad.com\/wp-content\/uploads\/2024\/10\/logo_vinyes_dabad.png","type":"image\/png"}],"author":"admin","twitter_card":"summary_large_image","twitter_misc":{"Escrito por":"admin","Tiempo de lectura":"1 minuto"},"schema":{"@context":"https:\/\/schema.org","@graph":[{"@type":"Article","@id":"https:\/\/equipvinyesdabad.com\/es\/rallys\/en-ferrol-un-pinchazo-deja-a-vinyes-mercader-en-el-segundo-puesto-entre-los-2rm\/#article","isPartOf":{"@id":"https:\/\/equipvinyesdabad.com\/es\/rallys\/en-ferrol-un-pinchazo-deja-a-vinyes-mercader-en-el-segundo-puesto-entre-los-2rm\/"},"author":{"name":"admin","@id":"https:\/\/equipvinyesdabad.com\/es\/#\/schema\/person\/962b4c681d63fd4fbd546ec83b775c1b"},"headline":"En Ferrol, un pinchazo deja a Vinyes-Mercader en el segundo puesto entre los 2RM.","datePublished":"2011-08-20T00:00:00+00:00","dateModified":"2024-10-31T20:16:37+00:00","mainEntityOfPage":{"@id":"https:\/\/equipvinyesdabad.com\/es\/rallys\/en-ferrol-un-pinchazo-deja-a-vinyes-mercader-en-el-segundo-puesto-entre-los-2rm\/"},"wordCount":157,"image":{"@id":"https:\/\/equipvinyesdabad.com\/es\/rallys\/en-ferrol-un-pinchazo-deja-a-vinyes-mercader-en-el-segundo-puesto-entre-los-2rm\/#primaryimage"},"thumbnailUrl":"https:\/\/equipvinyesdabad.com\/wp-content\/uploads\/2011\/08\/04JoanV8160.jpg","articleSection":["Rallys","Rallys asfalto"],"inLanguage":"es"},{"@type":"WebPage","@id":"https:\/\/equipvinyesdabad.com\/es\/rallys\/en-ferrol-un-pinchazo-deja-a-vinyes-mercader-en-el-segundo-puesto-entre-los-2rm\/","url":"https:\/\/equipvinyesdabad.com\/es\/rallys\/en-ferrol-un-pinchazo-deja-a-vinyes-mercader-en-el-segundo-puesto-entre-los-2rm\/","name":"En Ferrol, un pinchazo deja a Vinyes-Mercader en el segundo puesto entre los 2RM. - Equip vinyes dabad","isPartOf":{"@id":"https:\/\/equipvinyesdabad.com\/es\/#website"},"primaryImageOfPage":{"@id":"https:\/\/equipvinyesdabad.com\/es\/rallys\/en-ferrol-un-pinchazo-deja-a-vinyes-mercader-en-el-segundo-puesto-entre-los-2rm\/#primaryimage"},"image":{"@id":"https:\/\/equipvinyesdabad.com\/es\/rallys\/en-ferrol-un-pinchazo-deja-a-vinyes-mercader-en-el-segundo-puesto-entre-los-2rm\/#primaryimage"},"thumbnailUrl":"https:\/\/equipvinyesdabad.com\/wp-content\/uploads\/2011\/08\/04JoanV8160.jpg","datePublished":"2011-08-20T00:00:00+00:00","dateModified":"2024-10-31T20:16:37+00:00","author":{"@id":"https:\/\/equipvinyesdabad.com\/es\/#\/schema\/person\/962b4c681d63fd4fbd546ec83b775c1b"},"breadcrumb":{"@id":"https:\/\/equipvinyesdabad.com\/es\/rallys\/en-ferrol-un-pinchazo-deja-a-vinyes-mercader-en-el-segundo-puesto-entre-los-2rm\/#breadcrumb"},"inLanguage":"es","potentialAction":[{"@type":"ReadAction","target":["https:\/\/equipvinyesdabad.com\/es\/rallys\/en-ferrol-un-pinchazo-deja-a-vinyes-mercader-en-el-segundo-puesto-entre-los-2rm\/"]}]},{"@type":"ImageObject","inLanguage":"es","@id":"https:\/\/equipvinyesdabad.com\/es\/rallys\/en-ferrol-un-pinchazo-deja-a-vinyes-mercader-en-el-segundo-puesto-entre-los-2rm\/#primaryimage","url":"https:\/\/equipvinyesdabad.com\/wp-content\/uploads\/2011\/08\/04JoanV8160.jpg","contentUrl":"https:\/\/equipvinyesdabad.com\/wp-content\/uploads\/2011\/08\/04JoanV8160.jpg"},{"@type":"BreadcrumbList","@id":"https:\/\/equipvinyesdabad.com\/es\/rallys\/en-ferrol-un-pinchazo-deja-a-vinyes-mercader-en-el-segundo-puesto-entre-los-2rm\/#breadcrumb","itemListElement":[{"@type":"ListItem","position":1,"name":"Inicio","item":"https:\/\/equipvinyesdabad.com\/es\/"},{"@type":"ListItem","position":2,"name":"En Ferrol, un pinchazo deja a Vinyes-Mercader en el segundo puesto entre los 2RM."}]},{"@type":"WebSite","@id":"https:\/\/equipvinyesdabad.com\/es\/#website","url":"https:\/\/equipvinyesdabad.com\/es\/","name":"Equip vinyes dabad","description":"","potentialAction":[{"@type":"SearchAction","target":{"@type":"EntryPoint","urlTemplate":"https:\/\/equipvinyesdabad.com\/es\/?s={search_term_string}"},"query-input":{"@type":"PropertyValueSpecification","valueRequired":true,"valueName":"search_term_string"}}],"inLanguage":"es"},{"@type":"Person","@id":"https:\/\/equipvinyesdabad.com\/es\/#\/schema\/person\/962b4c681d63fd4fbd546ec83b775c1b","name":"admin","image":{"@type":"ImageObject","inLanguage":"es","@id":"https:\/\/secure.gravatar.com\/avatar\/6d1c6cfbf1c3aed75f7a05f946b76867c29d677b49f81545b6b9bc58677b08a0?s=96&d=mm&r=g","url":"https:\/\/secure.gravatar.com\/avatar\/6d1c6cfbf1c3aed75f7a05f946b76867c29d677b49f81545b6b9bc58677b08a0?s=96&d=mm&r=g","contentUrl":"https:\/\/secure.gravatar.com\/avatar\/6d1c6cfbf1c3aed75f7a05f946b76867c29d677b49f81545b6b9bc58677b08a0?s=96&d=mm&r=g","caption":"admin"},"sameAs":["https:\/\/equipvinyesdabad.com"],"url":"https:\/\/equipvinyesdabad.com\/es\/author\/web1\/"}]}},"_links":{"self":[{"href":"https:\/\/equipvinyesdabad.com\/es\/wp-json\/wp\/v2\/posts\/2680","targetHints":{"allow":["GET"]}}],"collection":[{"href":"https:\/\/equipvinyesdabad.com\/es\/wp-json\/wp\/v2\/posts"}],"about":[{"href":"https:\/\/equipvinyesdabad.com\/es\/wp-json\/wp\/v2\/types\/post"}],"author":[{"embeddable":true,"href":"https:\/\/equipvinyesdabad.com\/es\/wp-json\/wp\/v2\/users\/1"}],"replies":[{"embeddable":true,"href":"https:\/\/equipvinyesdabad.com\/es\/wp-json\/wp\/v2\/comments?post=2680"}],"version-history":[{"count":1,"href":"https:\/\/equipvinyesdabad.com\/es\/wp-json\/wp\/v2\/posts\/2680\/revisions"}],"predecessor-version":[{"id":3505,"href":"https:\/\/equipvinyesdabad.com\/es\/wp-json\/wp\/v2\/posts\/2680\/revisions\/3505"}],"wp:featuredmedia":[{"embeddable":true,"href":"https:\/\/equipvinyesdabad.com\/es\/wp-json\/wp\/v2\/media\/1875"}],"wp:attachment":[{"href":"https:\/\/equipvinyesdabad.com\/es\/wp-json\/wp\/v2\/media?parent=2680"}],"wp:term":[{"taxonomy":"category","embeddable":true,"href":"https:\/\/equipvinyesdabad.com\/es\/wp-json\/wp\/v2\/categories?post=2680"},{"taxonomy":"post_tag","embeddable":true,"href":"https:\/\/equipvinyesdabad.com\/es\/wp-json\/wp\/v2\/tags?post=2680"}],"curies":[{"name":"wp","href":"https:\/\/api.w.org\/{rel}","templated":true}]}}