{"id":2693,"date":"2011-06-14T00:00:00","date_gmt":"2011-06-14T00:00:00","guid":{"rendered":"https:\/\/equipvinyesdabad.com\/?p=2693"},"modified":"2024-10-31T20:16:37","modified_gmt":"2024-10-31T20:16:37","slug":"amalia-vinyes-vuelve-al-rally-de-ourense-muy-motivada","status":"publish","type":"post","link":"https:\/\/equipvinyesdabad.com\/es\/rallys\/amalia-vinyes-vuelve-al-rally-de-ourense-muy-motivada\/","title":{"rendered":"Amalia Vinyes vuelve al Rally de Ourense muy motivada."},"content":{"rendered":"<p>Amalia Vinyes-Borja Rozada (Suzuki Swift) disputar\u00e1n el Rally Ourense, con el claro objetivo de medirse con los m\u00e1s r\u00e1pidos de la Copa Suzuki 2011, y comprobar si las modificaciones hechas unas semanas en el Bergued\u00e1, tienen consecuencias positivas en los cronos de la que ser\u00e1 para ellas la segunda cita de la mencionada Copa Suzuki.<br \/>\nCabe mencionar que, Aintzane Go\u00f1i no podr\u00e1 repetir el Rally de Ourense al lado de Vinyes debido a problemas personales que le impiden viajar a la capital gallega. A la derecha de la piloto andorrana se situar\u00e1, en esta ocasi\u00f3n, Borja Rozada, un copi buen conocedor del la prueba gallega y con una gran experiencia en el mundo de los rallys.<\/p>\n","protected":false},"excerpt":{"rendered":"<p>Amalia Vinyes-Borja Rozada (Suzuki Swift) disputar\u00e1n el Rally Ourense, con el claro objetivo de medirse con los m\u00e1s r\u00e1pidos de la Copa Suzuki 2011, y comprobar si las modificaciones hechas unas semanas en el Bergued\u00e1, tienen consecuencias positivas en los cronos de la que ser\u00e1 para ellas la segunda cita de la mencionada Copa Suzuki.<br \/>\nCabe mencionar que, Aintzane Go\u00f1i no podr\u00e1 repetir el Rally de Ourense al lado de Vinyes debido a problemas personales que le impiden viajar a la capital gallega. A la derecha de la piloto andorrana se situar\u00e1, en esta ocasi\u00f3n, Borja Rozada, un copi buen conocedor del la prueba gallega y con una gran experiencia en el mundo de los rallys.<\/p>\n","protected":false},"author":1,"featured_media":0,"comment_status":"closed","ping_status":"closed","sticky":false,"template":"","format":"standard","meta":{"_kadence_starter_templates_imported_post":false,"_kad_post_transparent":"","_kad_post_title":"","_kad_post_layout":"","_kad_post_sidebar_id":"","_kad_post_content_style":"","_kad_post_vertical_padding":"","_kad_post_feature":"","_kad_post_feature_position":"","_kad_post_header":false,"_kad_post_footer":false,"_kad_post_classname":"","footnotes":""},"categories":[46,60],"tags":[],"class_list":["post-2693","post","type-post","status-publish","format-standard","hentry","category-rallys","category-rallys-asfalto"],"yoast_head":"<!-- This site is optimized with the Yoast SEO plugin v27.4 - https:\/\/yoast.com\/product\/yoast-seo-wordpress\/ -->\n<title>Amalia Vinyes vuelve al Rally de Ourense muy motivada. - Equip vinyes dabad<\/title>\n<meta name=\"robots\" content=\"index, follow, max-snippet:-1, max-image-preview:large, max-video-preview:-1\" \/>\n<link rel=\"canonical\" href=\"https:\/\/equipvinyesdabad.com\/es\/rallys\/amalia-vinyes-vuelve-al-rally-de-ourense-muy-motivada\/\" \/>\n<meta property=\"og:locale\" content=\"es_ES\" \/>\n<meta property=\"og:type\" content=\"article\" \/>\n<meta property=\"og:title\" content=\"Amalia Vinyes vuelve al Rally de Ourense muy motivada. - Equip vinyes dabad\" \/>\n<meta property=\"og:description\" content=\"Amalia Vinyes-Borja Rozada (Suzuki Swift) disputar\u00e1n el Rally Ourense, con el claro objetivo de medirse con los m\u00e1s r\u00e1pidos de la Copa Suzuki 2011, y comprobar si las modificaciones hechas unas semanas en el Bergued\u00e1, tienen consecuencias positivas en los cronos de la que ser\u00e1 para ellas la segunda cita de la mencionada Copa Suzuki.  Cabe mencionar que, Aintzane Go\u00f1i no podr\u00e1 repetir el Rally de Ourense al lado de Vinyes debido a problemas personales que le impiden viajar a la capital gallega. A la derecha de la piloto andorrana se situar\u00e1, en esta ocasi\u00f3n, Borja Rozada, un copi buen conocedor del la prueba gallega y con una gran experiencia en el mundo de los rallys.\" \/>\n<meta property=\"og:url\" content=\"https:\/\/equipvinyesdabad.com\/es\/rallys\/amalia-vinyes-vuelve-al-rally-de-ourense-muy-motivada\/\" \/>\n<meta property=\"og:site_name\" content=\"Equip vinyes dabad\" \/>\n<meta property=\"article:published_time\" content=\"2011-06-14T00:00:00+00:00\" \/>\n<meta property=\"article:modified_time\" content=\"2024-10-31T20:16:37+00:00\" \/>\n<meta property=\"og:image\" content=\"https:\/\/equipvinyesdabad.com\/wp-content\/uploads\/2024\/10\/logo_vinyes_dabad.png\" \/>\n\t<meta property=\"og:image:width\" content=\"250\" \/>\n\t<meta property=\"og:image:height\" content=\"130\" \/>\n\t<meta property=\"og:image:type\" content=\"image\/png\" \/>\n<meta name=\"author\" content=\"admin\" \/>\n<meta name=\"twitter:card\" content=\"summary_large_image\" \/>\n<meta name=\"twitter:label1\" content=\"Escrito por\" \/>\n\t<meta name=\"twitter:data1\" content=\"admin\" \/>\n\t<meta name=\"twitter:label2\" content=\"Tiempo de lectura\" \/>\n\t<meta name=\"twitter:data2\" content=\"1 minuto\" \/>\n<script type=\"application\/ld+json\" class=\"yoast-schema-graph\">{\"@context\":\"https:\\\/\\\/schema.org\",\"@graph\":[{\"@type\":\"Article\",\"@id\":\"https:\\\/\\\/equipvinyesdabad.com\\\/es\\\/rallys\\\/amalia-vinyes-vuelve-al-rally-de-ourense-muy-motivada\\\/#article\",\"isPartOf\":{\"@id\":\"https:\\\/\\\/equipvinyesdabad.com\\\/es\\\/rallys\\\/amalia-vinyes-vuelve-al-rally-de-ourense-muy-motivada\\\/\"},\"author\":{\"name\":\"admin\",\"@id\":\"https:\\\/\\\/equipvinyesdabad.com\\\/es\\\/#\\\/schema\\\/person\\\/962b4c681d63fd4fbd546ec83b775c1b\"},\"headline\":\"Amalia Vinyes vuelve al Rally de Ourense muy motivada.\",\"datePublished\":\"2011-06-14T00:00:00+00:00\",\"dateModified\":\"2024-10-31T20:16:37+00:00\",\"mainEntityOfPage\":{\"@id\":\"https:\\\/\\\/equipvinyesdabad.com\\\/es\\\/rallys\\\/amalia-vinyes-vuelve-al-rally-de-ourense-muy-motivada\\\/\"},\"wordCount\":129,\"articleSection\":[\"Rallys\",\"Rallys asfalto\"],\"inLanguage\":\"es\"},{\"@type\":\"WebPage\",\"@id\":\"https:\\\/\\\/equipvinyesdabad.com\\\/es\\\/rallys\\\/amalia-vinyes-vuelve-al-rally-de-ourense-muy-motivada\\\/\",\"url\":\"https:\\\/\\\/equipvinyesdabad.com\\\/es\\\/rallys\\\/amalia-vinyes-vuelve-al-rally-de-ourense-muy-motivada\\\/\",\"name\":\"Amalia Vinyes vuelve al Rally de Ourense muy motivada. - Equip vinyes dabad\",\"isPartOf\":{\"@id\":\"https:\\\/\\\/equipvinyesdabad.com\\\/es\\\/#website\"},\"datePublished\":\"2011-06-14T00:00:00+00:00\",\"dateModified\":\"2024-10-31T20:16:37+00:00\",\"author\":{\"@id\":\"https:\\\/\\\/equipvinyesdabad.com\\\/es\\\/#\\\/schema\\\/person\\\/962b4c681d63fd4fbd546ec83b775c1b\"},\"breadcrumb\":{\"@id\":\"https:\\\/\\\/equipvinyesdabad.com\\\/es\\\/rallys\\\/amalia-vinyes-vuelve-al-rally-de-ourense-muy-motivada\\\/#breadcrumb\"},\"inLanguage\":\"es\",\"potentialAction\":[{\"@type\":\"ReadAction\",\"target\":[\"https:\\\/\\\/equipvinyesdabad.com\\\/es\\\/rallys\\\/amalia-vinyes-vuelve-al-rally-de-ourense-muy-motivada\\\/\"]}]},{\"@type\":\"BreadcrumbList\",\"@id\":\"https:\\\/\\\/equipvinyesdabad.com\\\/es\\\/rallys\\\/amalia-vinyes-vuelve-al-rally-de-ourense-muy-motivada\\\/#breadcrumb\",\"itemListElement\":[{\"@type\":\"ListItem\",\"position\":1,\"name\":\"Inicio\",\"item\":\"https:\\\/\\\/equipvinyesdabad.com\\\/es\\\/\"},{\"@type\":\"ListItem\",\"position\":2,\"name\":\"Amalia Vinyes vuelve al Rally de Ourense muy motivada.\"}]},{\"@type\":\"WebSite\",\"@id\":\"https:\\\/\\\/equipvinyesdabad.com\\\/es\\\/#website\",\"url\":\"https:\\\/\\\/equipvinyesdabad.com\\\/es\\\/\",\"name\":\"Equip vinyes dabad\",\"description\":\"\",\"potentialAction\":[{\"@type\":\"SearchAction\",\"target\":{\"@type\":\"EntryPoint\",\"urlTemplate\":\"https:\\\/\\\/equipvinyesdabad.com\\\/es\\\/?s={search_term_string}\"},\"query-input\":{\"@type\":\"PropertyValueSpecification\",\"valueRequired\":true,\"valueName\":\"search_term_string\"}}],\"inLanguage\":\"es\"},{\"@type\":\"Person\",\"@id\":\"https:\\\/\\\/equipvinyesdabad.com\\\/es\\\/#\\\/schema\\\/person\\\/962b4c681d63fd4fbd546ec83b775c1b\",\"name\":\"admin\",\"image\":{\"@type\":\"ImageObject\",\"inLanguage\":\"es\",\"@id\":\"https:\\\/\\\/secure.gravatar.com\\\/avatar\\\/6d1c6cfbf1c3aed75f7a05f946b76867c29d677b49f81545b6b9bc58677b08a0?s=96&d=mm&r=g\",\"url\":\"https:\\\/\\\/secure.gravatar.com\\\/avatar\\\/6d1c6cfbf1c3aed75f7a05f946b76867c29d677b49f81545b6b9bc58677b08a0?s=96&d=mm&r=g\",\"contentUrl\":\"https:\\\/\\\/secure.gravatar.com\\\/avatar\\\/6d1c6cfbf1c3aed75f7a05f946b76867c29d677b49f81545b6b9bc58677b08a0?s=96&d=mm&r=g\",\"caption\":\"admin\"},\"sameAs\":[\"https:\\\/\\\/equipvinyesdabad.com\"],\"url\":\"https:\\\/\\\/equipvinyesdabad.com\\\/es\\\/author\\\/web1\\\/\"}]}<\/script>\n<!-- \/ Yoast SEO plugin. -->","yoast_head_json":{"title":"Amalia Vinyes vuelve al Rally de Ourense muy motivada. - Equip vinyes dabad","robots":{"index":"index","follow":"follow","max-snippet":"max-snippet:-1","max-image-preview":"max-image-preview:large","max-video-preview":"max-video-preview:-1"},"canonical":"https:\/\/equipvinyesdabad.com\/es\/rallys\/amalia-vinyes-vuelve-al-rally-de-ourense-muy-motivada\/","og_locale":"es_ES","og_type":"article","og_title":"Amalia Vinyes vuelve al Rally de Ourense muy motivada. - Equip vinyes dabad","og_description":"Amalia Vinyes-Borja Rozada (Suzuki Swift) disputar\u00e1n el Rally Ourense, con el claro objetivo de medirse con los m\u00e1s r\u00e1pidos de la Copa Suzuki 2011, y comprobar si las modificaciones hechas unas semanas en el Bergued\u00e1, tienen consecuencias positivas en los cronos de la que ser\u00e1 para ellas la segunda cita de la mencionada Copa Suzuki.  Cabe mencionar que, Aintzane Go\u00f1i no podr\u00e1 repetir el Rally de Ourense al lado de Vinyes debido a problemas personales que le impiden viajar a la capital gallega. A la derecha de la piloto andorrana se situar\u00e1, en esta ocasi\u00f3n, Borja Rozada, un copi buen conocedor del la prueba gallega y con una gran experiencia en el mundo de los rallys.","og_url":"https:\/\/equipvinyesdabad.com\/es\/rallys\/amalia-vinyes-vuelve-al-rally-de-ourense-muy-motivada\/","og_site_name":"Equip vinyes dabad","article_published_time":"2011-06-14T00:00:00+00:00","article_modified_time":"2024-10-31T20:16:37+00:00","og_image":[{"width":250,"height":130,"url":"https:\/\/equipvinyesdabad.com\/wp-content\/uploads\/2024\/10\/logo_vinyes_dabad.png","type":"image\/png"}],"author":"admin","twitter_card":"summary_large_image","twitter_misc":{"Escrito por":"admin","Tiempo de lectura":"1 minuto"},"schema":{"@context":"https:\/\/schema.org","@graph":[{"@type":"Article","@id":"https:\/\/equipvinyesdabad.com\/es\/rallys\/amalia-vinyes-vuelve-al-rally-de-ourense-muy-motivada\/#article","isPartOf":{"@id":"https:\/\/equipvinyesdabad.com\/es\/rallys\/amalia-vinyes-vuelve-al-rally-de-ourense-muy-motivada\/"},"author":{"name":"admin","@id":"https:\/\/equipvinyesdabad.com\/es\/#\/schema\/person\/962b4c681d63fd4fbd546ec83b775c1b"},"headline":"Amalia Vinyes vuelve al Rally de Ourense muy motivada.","datePublished":"2011-06-14T00:00:00+00:00","dateModified":"2024-10-31T20:16:37+00:00","mainEntityOfPage":{"@id":"https:\/\/equipvinyesdabad.com\/es\/rallys\/amalia-vinyes-vuelve-al-rally-de-ourense-muy-motivada\/"},"wordCount":129,"articleSection":["Rallys","Rallys asfalto"],"inLanguage":"es"},{"@type":"WebPage","@id":"https:\/\/equipvinyesdabad.com\/es\/rallys\/amalia-vinyes-vuelve-al-rally-de-ourense-muy-motivada\/","url":"https:\/\/equipvinyesdabad.com\/es\/rallys\/amalia-vinyes-vuelve-al-rally-de-ourense-muy-motivada\/","name":"Amalia Vinyes vuelve al Rally de Ourense muy motivada. - Equip vinyes dabad","isPartOf":{"@id":"https:\/\/equipvinyesdabad.com\/es\/#website"},"datePublished":"2011-06-14T00:00:00+00:00","dateModified":"2024-10-31T20:16:37+00:00","author":{"@id":"https:\/\/equipvinyesdabad.com\/es\/#\/schema\/person\/962b4c681d63fd4fbd546ec83b775c1b"},"breadcrumb":{"@id":"https:\/\/equipvinyesdabad.com\/es\/rallys\/amalia-vinyes-vuelve-al-rally-de-ourense-muy-motivada\/#breadcrumb"},"inLanguage":"es","potentialAction":[{"@type":"ReadAction","target":["https:\/\/equipvinyesdabad.com\/es\/rallys\/amalia-vinyes-vuelve-al-rally-de-ourense-muy-motivada\/"]}]},{"@type":"BreadcrumbList","@id":"https:\/\/equipvinyesdabad.com\/es\/rallys\/amalia-vinyes-vuelve-al-rally-de-ourense-muy-motivada\/#breadcrumb","itemListElement":[{"@type":"ListItem","position":1,"name":"Inicio","item":"https:\/\/equipvinyesdabad.com\/es\/"},{"@type":"ListItem","position":2,"name":"Amalia Vinyes vuelve al Rally de Ourense muy motivada."}]},{"@type":"WebSite","@id":"https:\/\/equipvinyesdabad.com\/es\/#website","url":"https:\/\/equipvinyesdabad.com\/es\/","name":"Equip vinyes dabad","description":"","potentialAction":[{"@type":"SearchAction","target":{"@type":"EntryPoint","urlTemplate":"https:\/\/equipvinyesdabad.com\/es\/?s={search_term_string}"},"query-input":{"@type":"PropertyValueSpecification","valueRequired":true,"valueName":"search_term_string"}}],"inLanguage":"es"},{"@type":"Person","@id":"https:\/\/equipvinyesdabad.com\/es\/#\/schema\/person\/962b4c681d63fd4fbd546ec83b775c1b","name":"admin","image":{"@type":"ImageObject","inLanguage":"es","@id":"https:\/\/secure.gravatar.com\/avatar\/6d1c6cfbf1c3aed75f7a05f946b76867c29d677b49f81545b6b9bc58677b08a0?s=96&d=mm&r=g","url":"https:\/\/secure.gravatar.com\/avatar\/6d1c6cfbf1c3aed75f7a05f946b76867c29d677b49f81545b6b9bc58677b08a0?s=96&d=mm&r=g","contentUrl":"https:\/\/secure.gravatar.com\/avatar\/6d1c6cfbf1c3aed75f7a05f946b76867c29d677b49f81545b6b9bc58677b08a0?s=96&d=mm&r=g","caption":"admin"},"sameAs":["https:\/\/equipvinyesdabad.com"],"url":"https:\/\/equipvinyesdabad.com\/es\/author\/web1\/"}]}},"_links":{"self":[{"href":"https:\/\/equipvinyesdabad.com\/es\/wp-json\/wp\/v2\/posts\/2693","targetHints":{"allow":["GET"]}}],"collection":[{"href":"https:\/\/equipvinyesdabad.com\/es\/wp-json\/wp\/v2\/posts"}],"about":[{"href":"https:\/\/equipvinyesdabad.com\/es\/wp-json\/wp\/v2\/types\/post"}],"author":[{"embeddable":true,"href":"https:\/\/equipvinyesdabad.com\/es\/wp-json\/wp\/v2\/users\/1"}],"replies":[{"embeddable":true,"href":"https:\/\/equipvinyesdabad.com\/es\/wp-json\/wp\/v2\/comments?post=2693"}],"version-history":[{"count":1,"href":"https:\/\/equipvinyesdabad.com\/es\/wp-json\/wp\/v2\/posts\/2693\/revisions"}],"predecessor-version":[{"id":3518,"href":"https:\/\/equipvinyesdabad.com\/es\/wp-json\/wp\/v2\/posts\/2693\/revisions\/3518"}],"wp:attachment":[{"href":"https:\/\/equipvinyesdabad.com\/es\/wp-json\/wp\/v2\/media?parent=2693"}],"wp:term":[{"taxonomy":"category","embeddable":true,"href":"https:\/\/equipvinyesdabad.com\/es\/wp-json\/wp\/v2\/categories?post=2693"},{"taxonomy":"post_tag","embeddable":true,"href":"https:\/\/equipvinyesdabad.com\/es\/wp-json\/wp\/v2\/tags?post=2693"}],"curies":[{"name":"wp","href":"https:\/\/api.w.org\/{rel}","templated":true}]}}