{"id":5061,"date":"2025-03-18T08:14:43","date_gmt":"2025-03-18T08:14:43","guid":{"rendered":"https:\/\/equipvinyesdabad.com\/?p=5061"},"modified":"2025-03-18T08:26:29","modified_gmt":"2025-03-18T08:26:29","slug":"positivo-test-de-pretemporada-de-joan-vinyes-jr","status":"publish","type":"post","link":"https:\/\/equipvinyesdabad.com\/es\/circuitos\/positivo-test-de-pretemporada-de-joan-vinyes-jr\/","title":{"rendered":"Positivo test de pretemporada de Joan Vinyes Jr."},"content":{"rendered":"\n<p class=\"has-large-font-size\"><strong>El circuito del Jarama fue el escenario de una jornada de pruebas<\/strong><\/p>\n\n\n\n<p>Joan Vinyes Jr. se estren\u00f3 al volante del Toyota GR86 Circuito Pack en una jornada de test convocada por Toyota Espa\u00f1a en el circuito del Jarama de Madrid el pasado fin de semana. Esta fue la primera vez que el joven piloto andorrano pudo rodar con el nuevo coche en un circuito, en una jornada totalmente in\u00e9dita para Vi\u00f1as Jr., puesto que adem\u00e1s del estreno del nuevo coche, cabe a\u00f1adir que nunca hab\u00eda rodado en el circuito madrile\u00f1o.<\/p>\n\n\n\n<p>De este modo, las primeras horas del binomio Vi\u00f1as Jr. y Toyota fueron destinadas a conocer el funcionamiento del nuevo veh\u00edculo y sus particularidades y a la vez, descubrir poco a poco los secretos del exigente circuito del Jarama. En esta toma de contacto, tambi\u00e9n asisti\u00f3 Joan Vinyes, gran conocedor del trazado, que pudo asesorar en todo momento las evoluciones de Vi\u00f1as Jr. a medida que avanzaba la jornada.<\/p>\n\n\n\n<p>De este modo, los tiempos por vuelta fueron disminuyendo progresivamente y qued\u00f3 patente que la adaptaci\u00f3n era r\u00e1pida y positiva. Hay que destacar, que esta era la primera vez que Joan Vinyes Jr. conduc\u00eda un veh\u00edculo de competici\u00f3n con tracci\u00f3n trasera, condici\u00f3n totalmente inversa al que hab\u00eda pilotado la \u00faltima temporada.<\/p>\n\n\n\n<p>La jornada tuvo una matinal muy intensa, con tandas de vueltas combinadas con paradas a box para hacer ajustes y cambios de impresiones con el ingeniero del equipo Eficar. As\u00ed la progresi\u00f3n fue a m\u00e1s y al final de la sesi\u00f3n matinal, Joan Vinyes Jr. ya empez\u00f3 a marcar tiempo de 1.52 muy cerca de los mejores tiempos de pilotos mucho m\u00e1s experimentados y conocedores del circuito.<\/p>\n\n\n\n<p>Despu\u00e9s de esta jornada de test, el resumen fue muy positivo para el equipo. La progresi\u00f3n mostrada a lo largo del d\u00eda dio mucha confianza a la joven formaci\u00f3n que afronta la temporada con muchas ganas y optimismo en un certamen que se presenta competido y emocionante.<\/p>\n\n\n\n<p>El debut de Joan Vinyes Jr. a la GR Cup Spain tendr\u00e1 lugar los d\u00edas 29 y 30 de marzo en el circuito aragon\u00e9s de Motorland, primera de las 6 carreras a las que est\u00e1 programado el certamen monomarca.<\/p>\n","protected":false},"excerpt":{"rendered":"<p>El circuito del Jarama fue el escenario de una jornada de pruebas Joan Vinyes Jr. se estren\u00f3 al volante del Toyota GR86 Circuito Pack en una jornada de test convocada&#8230;<\/p>\n","protected":false},"author":2,"featured_media":5058,"comment_status":"closed","ping_status":"closed","sticky":false,"template":"","format":"standard","meta":{"_kadence_starter_templates_imported_post":false,"_kad_post_transparent":"","_kad_post_title":"","_kad_post_layout":"","_kad_post_sidebar_id":"","_kad_post_content_style":"","_kad_post_vertical_padding":"","_kad_post_feature":"","_kad_post_feature_position":"","_kad_post_header":false,"_kad_post_footer":false,"_kad_post_classname":"","footnotes":""},"categories":[52,92],"tags":[],"class_list":["post-5061","post","type-post","status-publish","format-standard","has-post-thumbnail","hentry","category-circuitos","category-circuitos-espana"],"yoast_head":"<!-- This site is optimized with the Yoast SEO plugin v27.4 - https:\/\/yoast.com\/product\/yoast-seo-wordpress\/ -->\n<title>Positivo test de pretemporada de Joan Vinyes Jr. - Equip vinyes dabad<\/title>\n<meta name=\"robots\" content=\"index, follow, max-snippet:-1, max-image-preview:large, max-video-preview:-1\" \/>\n<link rel=\"canonical\" href=\"https:\/\/equipvinyesdabad.com\/es\/circuitos\/positivo-test-de-pretemporada-de-joan-vinyes-jr\/\" \/>\n<meta property=\"og:locale\" content=\"es_ES\" \/>\n<meta property=\"og:type\" content=\"article\" \/>\n<meta property=\"og:title\" content=\"Positivo test de pretemporada de Joan Vinyes Jr. - Equip vinyes dabad\" \/>\n<meta property=\"og:description\" content=\"El circuito del Jarama fue el escenario de una jornada de pruebas Joan Vinyes Jr. se estren\u00f3 al volante del Toyota GR86 Circuito Pack en una jornada de test convocada...\" \/>\n<meta property=\"og:url\" content=\"https:\/\/equipvinyesdabad.com\/es\/circuitos\/positivo-test-de-pretemporada-de-joan-vinyes-jr\/\" \/>\n<meta property=\"og:site_name\" content=\"Equip vinyes dabad\" \/>\n<meta property=\"article:published_time\" content=\"2025-03-18T08:14:43+00:00\" \/>\n<meta property=\"article:modified_time\" content=\"2025-03-18T08:26:29+00:00\" \/>\n<meta property=\"og:image\" content=\"https:\/\/equipvinyesdabad.com\/wp-content\/uploads\/2025\/03\/DSC0350_web.jpg\" \/>\n\t<meta property=\"og:image:width\" content=\"1242\" \/>\n\t<meta property=\"og:image:height\" content=\"550\" \/>\n\t<meta property=\"og:image:type\" content=\"image\/jpeg\" \/>\n<meta name=\"author\" content=\"Miquel Rovira\" \/>\n<meta name=\"twitter:card\" content=\"summary_large_image\" \/>\n<meta name=\"twitter:label1\" content=\"Escrito por\" \/>\n\t<meta name=\"twitter:data1\" content=\"Miquel Rovira\" \/>\n\t<meta name=\"twitter:label2\" content=\"Tiempo de lectura\" \/>\n\t<meta name=\"twitter:data2\" content=\"3 minutos\" \/>\n<script type=\"application\/ld+json\" class=\"yoast-schema-graph\">{\"@context\":\"https:\\\/\\\/schema.org\",\"@graph\":[{\"@type\":\"Article\",\"@id\":\"https:\\\/\\\/equipvinyesdabad.com\\\/es\\\/circuitos\\\/positivo-test-de-pretemporada-de-joan-vinyes-jr\\\/#article\",\"isPartOf\":{\"@id\":\"https:\\\/\\\/equipvinyesdabad.com\\\/es\\\/circuitos\\\/positivo-test-de-pretemporada-de-joan-vinyes-jr\\\/\"},\"author\":{\"name\":\"Miquel Rovira\",\"@id\":\"https:\\\/\\\/equipvinyesdabad.com\\\/es\\\/#\\\/schema\\\/person\\\/f8e5dce2dd05b52015e006560c3cdcbd\"},\"headline\":\"Positivo test de pretemporada de Joan Vinyes Jr.\",\"datePublished\":\"2025-03-18T08:14:43+00:00\",\"dateModified\":\"2025-03-18T08:26:29+00:00\",\"mainEntityOfPage\":{\"@id\":\"https:\\\/\\\/equipvinyesdabad.com\\\/es\\\/circuitos\\\/positivo-test-de-pretemporada-de-joan-vinyes-jr\\\/\"},\"wordCount\":396,\"image\":{\"@id\":\"https:\\\/\\\/equipvinyesdabad.com\\\/es\\\/circuitos\\\/positivo-test-de-pretemporada-de-joan-vinyes-jr\\\/#primaryimage\"},\"thumbnailUrl\":\"https:\\\/\\\/equipvinyesdabad.com\\\/wp-content\\\/uploads\\\/2025\\\/03\\\/DSC0350_web.jpg\",\"articleSection\":[\"Circuitos\",\"Circuitos Espa\u00f1a\"],\"inLanguage\":\"es\"},{\"@type\":\"WebPage\",\"@id\":\"https:\\\/\\\/equipvinyesdabad.com\\\/es\\\/circuitos\\\/positivo-test-de-pretemporada-de-joan-vinyes-jr\\\/\",\"url\":\"https:\\\/\\\/equipvinyesdabad.com\\\/es\\\/circuitos\\\/positivo-test-de-pretemporada-de-joan-vinyes-jr\\\/\",\"name\":\"Positivo test de pretemporada de Joan Vinyes Jr. - Equip vinyes dabad\",\"isPartOf\":{\"@id\":\"https:\\\/\\\/equipvinyesdabad.com\\\/es\\\/#website\"},\"primaryImageOfPage\":{\"@id\":\"https:\\\/\\\/equipvinyesdabad.com\\\/es\\\/circuitos\\\/positivo-test-de-pretemporada-de-joan-vinyes-jr\\\/#primaryimage\"},\"image\":{\"@id\":\"https:\\\/\\\/equipvinyesdabad.com\\\/es\\\/circuitos\\\/positivo-test-de-pretemporada-de-joan-vinyes-jr\\\/#primaryimage\"},\"thumbnailUrl\":\"https:\\\/\\\/equipvinyesdabad.com\\\/wp-content\\\/uploads\\\/2025\\\/03\\\/DSC0350_web.jpg\",\"datePublished\":\"2025-03-18T08:14:43+00:00\",\"dateModified\":\"2025-03-18T08:26:29+00:00\",\"author\":{\"@id\":\"https:\\\/\\\/equipvinyesdabad.com\\\/es\\\/#\\\/schema\\\/person\\\/f8e5dce2dd05b52015e006560c3cdcbd\"},\"breadcrumb\":{\"@id\":\"https:\\\/\\\/equipvinyesdabad.com\\\/es\\\/circuitos\\\/positivo-test-de-pretemporada-de-joan-vinyes-jr\\\/#breadcrumb\"},\"inLanguage\":\"es\",\"potentialAction\":[{\"@type\":\"ReadAction\",\"target\":[\"https:\\\/\\\/equipvinyesdabad.com\\\/es\\\/circuitos\\\/positivo-test-de-pretemporada-de-joan-vinyes-jr\\\/\"]}]},{\"@type\":\"ImageObject\",\"inLanguage\":\"es\",\"@id\":\"https:\\\/\\\/equipvinyesdabad.com\\\/es\\\/circuitos\\\/positivo-test-de-pretemporada-de-joan-vinyes-jr\\\/#primaryimage\",\"url\":\"https:\\\/\\\/equipvinyesdabad.com\\\/wp-content\\\/uploads\\\/2025\\\/03\\\/DSC0350_web.jpg\",\"contentUrl\":\"https:\\\/\\\/equipvinyesdabad.com\\\/wp-content\\\/uploads\\\/2025\\\/03\\\/DSC0350_web.jpg\",\"width\":1242,\"height\":550,\"caption\":\"producionesalcobendas@hotmail.com\"},{\"@type\":\"BreadcrumbList\",\"@id\":\"https:\\\/\\\/equipvinyesdabad.com\\\/es\\\/circuitos\\\/positivo-test-de-pretemporada-de-joan-vinyes-jr\\\/#breadcrumb\",\"itemListElement\":[{\"@type\":\"ListItem\",\"position\":1,\"name\":\"Inicio\",\"item\":\"https:\\\/\\\/equipvinyesdabad.com\\\/es\\\/\"},{\"@type\":\"ListItem\",\"position\":2,\"name\":\"Positivo test de pretemporada de Joan Vinyes Jr.\"}]},{\"@type\":\"WebSite\",\"@id\":\"https:\\\/\\\/equipvinyesdabad.com\\\/es\\\/#website\",\"url\":\"https:\\\/\\\/equipvinyesdabad.com\\\/es\\\/\",\"name\":\"Equip vinyes dabad\",\"description\":\"\",\"potentialAction\":[{\"@type\":\"SearchAction\",\"target\":{\"@type\":\"EntryPoint\",\"urlTemplate\":\"https:\\\/\\\/equipvinyesdabad.com\\\/es\\\/?s={search_term_string}\"},\"query-input\":{\"@type\":\"PropertyValueSpecification\",\"valueRequired\":true,\"valueName\":\"search_term_string\"}}],\"inLanguage\":\"es\"},{\"@type\":\"Person\",\"@id\":\"https:\\\/\\\/equipvinyesdabad.com\\\/es\\\/#\\\/schema\\\/person\\\/f8e5dce2dd05b52015e006560c3cdcbd\",\"name\":\"Miquel Rovira\",\"image\":{\"@type\":\"ImageObject\",\"inLanguage\":\"es\",\"@id\":\"https:\\\/\\\/secure.gravatar.com\\\/avatar\\\/bda62a5d1f24a29564e39fc678cf8ed8aca9e1d5ea122d7c35178867f95a8822?s=96&d=mm&r=g\",\"url\":\"https:\\\/\\\/secure.gravatar.com\\\/avatar\\\/bda62a5d1f24a29564e39fc678cf8ed8aca9e1d5ea122d7c35178867f95a8822?s=96&d=mm&r=g\",\"contentUrl\":\"https:\\\/\\\/secure.gravatar.com\\\/avatar\\\/bda62a5d1f24a29564e39fc678cf8ed8aca9e1d5ea122d7c35178867f95a8822?s=96&d=mm&r=g\",\"caption\":\"Miquel Rovira\"},\"url\":\"https:\\\/\\\/equipvinyesdabad.com\\\/es\\\/author\\\/miquelrovira\\\/\"}]}<\/script>\n<!-- \/ Yoast SEO plugin. -->","yoast_head_json":{"title":"Positivo test de pretemporada de Joan Vinyes Jr. - Equip vinyes dabad","robots":{"index":"index","follow":"follow","max-snippet":"max-snippet:-1","max-image-preview":"max-image-preview:large","max-video-preview":"max-video-preview:-1"},"canonical":"https:\/\/equipvinyesdabad.com\/es\/circuitos\/positivo-test-de-pretemporada-de-joan-vinyes-jr\/","og_locale":"es_ES","og_type":"article","og_title":"Positivo test de pretemporada de Joan Vinyes Jr. - Equip vinyes dabad","og_description":"El circuito del Jarama fue el escenario de una jornada de pruebas Joan Vinyes Jr. se estren\u00f3 al volante del Toyota GR86 Circuito Pack en una jornada de test convocada...","og_url":"https:\/\/equipvinyesdabad.com\/es\/circuitos\/positivo-test-de-pretemporada-de-joan-vinyes-jr\/","og_site_name":"Equip vinyes dabad","article_published_time":"2025-03-18T08:14:43+00:00","article_modified_time":"2025-03-18T08:26:29+00:00","og_image":[{"width":1242,"height":550,"url":"https:\/\/equipvinyesdabad.com\/wp-content\/uploads\/2025\/03\/DSC0350_web.jpg","type":"image\/jpeg"}],"author":"Miquel Rovira","twitter_card":"summary_large_image","twitter_misc":{"Escrito por":"Miquel Rovira","Tiempo de lectura":"3 minutos"},"schema":{"@context":"https:\/\/schema.org","@graph":[{"@type":"Article","@id":"https:\/\/equipvinyesdabad.com\/es\/circuitos\/positivo-test-de-pretemporada-de-joan-vinyes-jr\/#article","isPartOf":{"@id":"https:\/\/equipvinyesdabad.com\/es\/circuitos\/positivo-test-de-pretemporada-de-joan-vinyes-jr\/"},"author":{"name":"Miquel Rovira","@id":"https:\/\/equipvinyesdabad.com\/es\/#\/schema\/person\/f8e5dce2dd05b52015e006560c3cdcbd"},"headline":"Positivo test de pretemporada de Joan Vinyes Jr.","datePublished":"2025-03-18T08:14:43+00:00","dateModified":"2025-03-18T08:26:29+00:00","mainEntityOfPage":{"@id":"https:\/\/equipvinyesdabad.com\/es\/circuitos\/positivo-test-de-pretemporada-de-joan-vinyes-jr\/"},"wordCount":396,"image":{"@id":"https:\/\/equipvinyesdabad.com\/es\/circuitos\/positivo-test-de-pretemporada-de-joan-vinyes-jr\/#primaryimage"},"thumbnailUrl":"https:\/\/equipvinyesdabad.com\/wp-content\/uploads\/2025\/03\/DSC0350_web.jpg","articleSection":["Circuitos","Circuitos Espa\u00f1a"],"inLanguage":"es"},{"@type":"WebPage","@id":"https:\/\/equipvinyesdabad.com\/es\/circuitos\/positivo-test-de-pretemporada-de-joan-vinyes-jr\/","url":"https:\/\/equipvinyesdabad.com\/es\/circuitos\/positivo-test-de-pretemporada-de-joan-vinyes-jr\/","name":"Positivo test de pretemporada de Joan Vinyes Jr. - Equip vinyes dabad","isPartOf":{"@id":"https:\/\/equipvinyesdabad.com\/es\/#website"},"primaryImageOfPage":{"@id":"https:\/\/equipvinyesdabad.com\/es\/circuitos\/positivo-test-de-pretemporada-de-joan-vinyes-jr\/#primaryimage"},"image":{"@id":"https:\/\/equipvinyesdabad.com\/es\/circuitos\/positivo-test-de-pretemporada-de-joan-vinyes-jr\/#primaryimage"},"thumbnailUrl":"https:\/\/equipvinyesdabad.com\/wp-content\/uploads\/2025\/03\/DSC0350_web.jpg","datePublished":"2025-03-18T08:14:43+00:00","dateModified":"2025-03-18T08:26:29+00:00","author":{"@id":"https:\/\/equipvinyesdabad.com\/es\/#\/schema\/person\/f8e5dce2dd05b52015e006560c3cdcbd"},"breadcrumb":{"@id":"https:\/\/equipvinyesdabad.com\/es\/circuitos\/positivo-test-de-pretemporada-de-joan-vinyes-jr\/#breadcrumb"},"inLanguage":"es","potentialAction":[{"@type":"ReadAction","target":["https:\/\/equipvinyesdabad.com\/es\/circuitos\/positivo-test-de-pretemporada-de-joan-vinyes-jr\/"]}]},{"@type":"ImageObject","inLanguage":"es","@id":"https:\/\/equipvinyesdabad.com\/es\/circuitos\/positivo-test-de-pretemporada-de-joan-vinyes-jr\/#primaryimage","url":"https:\/\/equipvinyesdabad.com\/wp-content\/uploads\/2025\/03\/DSC0350_web.jpg","contentUrl":"https:\/\/equipvinyesdabad.com\/wp-content\/uploads\/2025\/03\/DSC0350_web.jpg","width":1242,"height":550,"caption":"producionesalcobendas@hotmail.com"},{"@type":"BreadcrumbList","@id":"https:\/\/equipvinyesdabad.com\/es\/circuitos\/positivo-test-de-pretemporada-de-joan-vinyes-jr\/#breadcrumb","itemListElement":[{"@type":"ListItem","position":1,"name":"Inicio","item":"https:\/\/equipvinyesdabad.com\/es\/"},{"@type":"ListItem","position":2,"name":"Positivo test de pretemporada de Joan Vinyes Jr."}]},{"@type":"WebSite","@id":"https:\/\/equipvinyesdabad.com\/es\/#website","url":"https:\/\/equipvinyesdabad.com\/es\/","name":"Equip vinyes dabad","description":"","potentialAction":[{"@type":"SearchAction","target":{"@type":"EntryPoint","urlTemplate":"https:\/\/equipvinyesdabad.com\/es\/?s={search_term_string}"},"query-input":{"@type":"PropertyValueSpecification","valueRequired":true,"valueName":"search_term_string"}}],"inLanguage":"es"},{"@type":"Person","@id":"https:\/\/equipvinyesdabad.com\/es\/#\/schema\/person\/f8e5dce2dd05b52015e006560c3cdcbd","name":"Miquel Rovira","image":{"@type":"ImageObject","inLanguage":"es","@id":"https:\/\/secure.gravatar.com\/avatar\/bda62a5d1f24a29564e39fc678cf8ed8aca9e1d5ea122d7c35178867f95a8822?s=96&d=mm&r=g","url":"https:\/\/secure.gravatar.com\/avatar\/bda62a5d1f24a29564e39fc678cf8ed8aca9e1d5ea122d7c35178867f95a8822?s=96&d=mm&r=g","contentUrl":"https:\/\/secure.gravatar.com\/avatar\/bda62a5d1f24a29564e39fc678cf8ed8aca9e1d5ea122d7c35178867f95a8822?s=96&d=mm&r=g","caption":"Miquel Rovira"},"url":"https:\/\/equipvinyesdabad.com\/es\/author\/miquelrovira\/"}]}},"_links":{"self":[{"href":"https:\/\/equipvinyesdabad.com\/es\/wp-json\/wp\/v2\/posts\/5061","targetHints":{"allow":["GET"]}}],"collection":[{"href":"https:\/\/equipvinyesdabad.com\/es\/wp-json\/wp\/v2\/posts"}],"about":[{"href":"https:\/\/equipvinyesdabad.com\/es\/wp-json\/wp\/v2\/types\/post"}],"author":[{"embeddable":true,"href":"https:\/\/equipvinyesdabad.com\/es\/wp-json\/wp\/v2\/users\/2"}],"replies":[{"embeddable":true,"href":"https:\/\/equipvinyesdabad.com\/es\/wp-json\/wp\/v2\/comments?post=5061"}],"version-history":[{"count":1,"href":"https:\/\/equipvinyesdabad.com\/es\/wp-json\/wp\/v2\/posts\/5061\/revisions"}],"predecessor-version":[{"id":5062,"href":"https:\/\/equipvinyesdabad.com\/es\/wp-json\/wp\/v2\/posts\/5061\/revisions\/5062"}],"wp:featuredmedia":[{"embeddable":true,"href":"https:\/\/equipvinyesdabad.com\/es\/wp-json\/wp\/v2\/media\/5058"}],"wp:attachment":[{"href":"https:\/\/equipvinyesdabad.com\/es\/wp-json\/wp\/v2\/media?parent=5061"}],"wp:term":[{"taxonomy":"category","embeddable":true,"href":"https:\/\/equipvinyesdabad.com\/es\/wp-json\/wp\/v2\/categories?post=5061"},{"taxonomy":"post_tag","embeddable":true,"href":"https:\/\/equipvinyesdabad.com\/es\/wp-json\/wp\/v2\/tags?post=5061"}],"curies":[{"name":"wp","href":"https:\/\/api.w.org\/{rel}","templated":true}]}}