{"id":5069,"date":"2025-03-24T15:35:28","date_gmt":"2025-03-24T15:35:28","guid":{"rendered":"https:\/\/equipvinyesdabad.com\/sin-categorizar\/joan-vinyes-jordi-mercader-hyundai-i20-rallycar-entre-els-millors-al-rallye-tierras-altas-de-lorca\/"},"modified":"2025-03-24T15:43:33","modified_gmt":"2025-03-24T15:43:33","slug":"joan-vinyes-jordi-mercader-hyundai-i20-rallycar-entre-els-millors-al-rallye-tierras-altas-de-lorca","status":"publish","type":"post","link":"https:\/\/equipvinyesdabad.com\/es\/rallys\/joan-vinyes-jordi-mercader-hyundai-i20-rallycar-entre-els-millors-al-rallye-tierras-altas-de-lorca\/","title":{"rendered":"Joan Vinyes-Jordi Mercader (Hyundai i20-Rallycar) entre los mejores en el Rallye Tierras Altas de Lorca"},"content":{"rendered":"\n<p class=\"has-medium-font-size\"><strong>Joan Vinyes consigue la victoria en la categor\u00eda Silver<\/strong><\/p>\n\n\n\n<p>Buen comienzo de la temporada de rallys estatales del equipo Joan Vinyes-Jordi Mercader (Hyundai i20 &#8211; Rallycar) en el Rallye Tierras Altas de Lorca, primera prueba del Supercampeonato de Espa\u00f1a de Rallys (SCER), celebrado este fin de semana en Murcia.<br><br>Las buenas sensaciones obtenidas en la jornada de test previa al rally se confirmaron en el transcurso de la prueba. El viernes por la ma\u00f1ana se llev\u00f3 a cabo el shakedown y el tramo de calificaci\u00f3n. En el caso de los pilotos prioritarios, como es el caso de Joan Vinyes, seg\u00fan la clasificaci\u00f3n obtenida, daba el derecho a escoger el orden de salida a los tramos. Vinyes y Mercader despu\u00e9s de hacer las dos pasadas al shakedown, en el tramo de calificaci\u00f3n posterior obtuvo una meritoria tercera posici\u00f3n, la que le dio el derecho a escoger la doceava posici\u00f3n en la orden de salida de los tramos, muy importante para aprovechar las mejores condiciones del terreno, una vez ya han pasado varios veh\u00edculos.<\/p>\n\n\n\n<p>El grueso del rally se disput\u00f3 todo en la jornada del s\u00e1bado, despu\u00e9s de que la organizaci\u00f3n, con buen criterio decidiera anular la primera prueba especial prevista para el viernes por la tarde. El motivo fue las lluvias que cayeron la noche del jueves al viernes y que despu\u00e9s de los reconocimientos qued\u00f3 impracticable en algunos sectores. La organizaci\u00f3n opt\u00f3 por hacer una rehabilitaci\u00f3n con excavadoras y as\u00ed poderlo disputar con garant\u00edas el s\u00e1bado.<\/p>\n\n\n\n<p>Joan Vinyes-Jordi Mercader mantuvieron un buen ritmo y en buena progresi\u00f3n a medida que avanzaba el rally. Siempre cerca de los equipos oficiales, fue a m\u00e1s durante la prueba y sin errores se mantuvieron entre los equipos top. Al final la sexta posici\u00f3n final confirm\u00f3 las buenas prestaciones del equipo. Joan Vinyes se mostraba satisfecho al final del rally \u201c<strong>Hemos tenido un muy buen ritmo durante toda la prueba. El terreno estaba perfecto, los tramos espectaculares y esto nos ha permitido disfrutar mucho durante todo el rally. No hemos estado muy lejos de los equipos oficiales m\u00e1s r\u00e1pidos y hemos podido confirmar que las mejoras introducidas por R-Technology al Hyundai i20 van muy bien. Ha sido un fin de semana redondo.\u201d<\/strong><\/p>\n\n\n\n<p>Adem\u00e1s de la sexta posici\u00f3n final, Joan Vinyes tambi\u00e9n subi\u00f3 a lo m\u00e1s alto del podio, para recoger el trofeo Silver como ganador de la categor\u00eda de mayores de 50 a\u00f1os, premio instaurado por la RFDEA.<\/p>\n\n\n\n<p>A m\u00e9s de la sexta posici\u00f3 final, Joan Vinyes tamb\u00e9 va pujar al m\u00e9s alt del podi, per recollir al trofeu \u201cSilver\u201d com a guanyador de la categoria de majors de 50 anys, premi instaurat per la RFDEA.<\/p>\n","protected":false},"excerpt":{"rendered":"<p>Joan Vinyes consigue la victoria en la categor\u00eda Silver Buen comienzo de la temporada de rallys estatales del equipo Joan Vinyes-Jordi Mercader (Hyundai i20 &#8211; Rallycar) en el Rallye Tierras&#8230;<\/p>\n","protected":false},"author":2,"featured_media":5065,"comment_status":"closed","ping_status":"closed","sticky":false,"template":"","format":"standard","meta":{"_kadence_starter_templates_imported_post":false,"_kad_post_transparent":"","_kad_post_title":"","_kad_post_layout":"","_kad_post_sidebar_id":"","_kad_post_content_style":"","_kad_post_vertical_padding":"","_kad_post_feature":"","_kad_post_feature_position":"","_kad_post_header":false,"_kad_post_footer":false,"_kad_post_classname":"","footnotes":""},"categories":[46,47],"tags":[],"class_list":["post-5069","post","type-post","status-publish","format-standard","has-post-thumbnail","hentry","category-rallys","category-rallys-tierra"],"yoast_head":"<!-- This site is optimized with the Yoast SEO plugin v27.4 - https:\/\/yoast.com\/product\/yoast-seo-wordpress\/ -->\n<title>Joan Vinyes-Jordi Mercader (Hyundai i20-Rallycar) entre los mejores en el Rallye Tierras Altas de Lorca - Equip vinyes dabad<\/title>\n<meta name=\"robots\" content=\"index, follow, max-snippet:-1, max-image-preview:large, max-video-preview:-1\" \/>\n<link rel=\"canonical\" href=\"https:\/\/equipvinyesdabad.com\/es\/rallys\/joan-vinyes-jordi-mercader-hyundai-i20-rallycar-entre-els-millors-al-rallye-tierras-altas-de-lorca\/\" \/>\n<meta property=\"og:locale\" content=\"es_ES\" \/>\n<meta property=\"og:type\" content=\"article\" \/>\n<meta property=\"og:title\" content=\"Joan Vinyes-Jordi Mercader (Hyundai i20-Rallycar) entre los mejores en el Rallye Tierras Altas de Lorca - Equip vinyes dabad\" \/>\n<meta property=\"og:description\" content=\"Joan Vinyes consigue la victoria en la categor\u00eda Silver Buen comienzo de la temporada de rallys estatales del equipo Joan Vinyes-Jordi Mercader (Hyundai i20 &#8211; Rallycar) en el Rallye Tierras...\" \/>\n<meta property=\"og:url\" content=\"https:\/\/equipvinyesdabad.com\/es\/rallys\/joan-vinyes-jordi-mercader-hyundai-i20-rallycar-entre-els-millors-al-rallye-tierras-altas-de-lorca\/\" \/>\n<meta property=\"og:site_name\" content=\"Equip vinyes dabad\" \/>\n<meta property=\"article:published_time\" content=\"2025-03-24T15:35:28+00:00\" \/>\n<meta property=\"article:modified_time\" content=\"2025-03-24T15:43:33+00:00\" \/>\n<meta property=\"og:image\" content=\"https:\/\/equipvinyesdabad.com\/wp-content\/uploads\/2025\/03\/7_Vinyes_Mercader_Lorca25-014.jpg\" \/>\n\t<meta property=\"og:image:width\" content=\"1242\" \/>\n\t<meta property=\"og:image:height\" content=\"550\" \/>\n\t<meta property=\"og:image:type\" content=\"image\/jpeg\" \/>\n<meta name=\"author\" content=\"Miquel Rovira\" \/>\n<meta name=\"twitter:card\" content=\"summary_large_image\" \/>\n<meta name=\"twitter:label1\" content=\"Escrito por\" \/>\n\t<meta name=\"twitter:data1\" content=\"Miquel Rovira\" \/>\n\t<meta name=\"twitter:label2\" content=\"Tiempo de lectura\" \/>\n\t<meta name=\"twitter:data2\" content=\"3 minutos\" \/>\n<script type=\"application\/ld+json\" class=\"yoast-schema-graph\">{\"@context\":\"https:\\\/\\\/schema.org\",\"@graph\":[{\"@type\":\"Article\",\"@id\":\"https:\\\/\\\/equipvinyesdabad.com\\\/es\\\/rallys\\\/joan-vinyes-jordi-mercader-hyundai-i20-rallycar-entre-els-millors-al-rallye-tierras-altas-de-lorca\\\/#article\",\"isPartOf\":{\"@id\":\"https:\\\/\\\/equipvinyesdabad.com\\\/es\\\/rallys\\\/joan-vinyes-jordi-mercader-hyundai-i20-rallycar-entre-els-millors-al-rallye-tierras-altas-de-lorca\\\/\"},\"author\":{\"name\":\"Miquel Rovira\",\"@id\":\"https:\\\/\\\/equipvinyesdabad.com\\\/es\\\/#\\\/schema\\\/person\\\/f8e5dce2dd05b52015e006560c3cdcbd\"},\"headline\":\"Joan Vinyes-Jordi Mercader (Hyundai i20-Rallycar) entre los mejores en el Rallye Tierras Altas de Lorca\",\"datePublished\":\"2025-03-24T15:35:28+00:00\",\"dateModified\":\"2025-03-24T15:43:33+00:00\",\"mainEntityOfPage\":{\"@id\":\"https:\\\/\\\/equipvinyesdabad.com\\\/es\\\/rallys\\\/joan-vinyes-jordi-mercader-hyundai-i20-rallycar-entre-els-millors-al-rallye-tierras-altas-de-lorca\\\/\"},\"wordCount\":487,\"image\":{\"@id\":\"https:\\\/\\\/equipvinyesdabad.com\\\/es\\\/rallys\\\/joan-vinyes-jordi-mercader-hyundai-i20-rallycar-entre-els-millors-al-rallye-tierras-altas-de-lorca\\\/#primaryimage\"},\"thumbnailUrl\":\"https:\\\/\\\/equipvinyesdabad.com\\\/wp-content\\\/uploads\\\/2025\\\/03\\\/7_Vinyes_Mercader_Lorca25-014.jpg\",\"articleSection\":[\"Rallys\",\"Rallys tierra\"],\"inLanguage\":\"es\"},{\"@type\":\"WebPage\",\"@id\":\"https:\\\/\\\/equipvinyesdabad.com\\\/es\\\/rallys\\\/joan-vinyes-jordi-mercader-hyundai-i20-rallycar-entre-els-millors-al-rallye-tierras-altas-de-lorca\\\/\",\"url\":\"https:\\\/\\\/equipvinyesdabad.com\\\/es\\\/rallys\\\/joan-vinyes-jordi-mercader-hyundai-i20-rallycar-entre-els-millors-al-rallye-tierras-altas-de-lorca\\\/\",\"name\":\"Joan Vinyes-Jordi Mercader (Hyundai i20-Rallycar) entre los mejores en el Rallye Tierras Altas de Lorca - Equip vinyes dabad\",\"isPartOf\":{\"@id\":\"https:\\\/\\\/equipvinyesdabad.com\\\/es\\\/#website\"},\"primaryImageOfPage\":{\"@id\":\"https:\\\/\\\/equipvinyesdabad.com\\\/es\\\/rallys\\\/joan-vinyes-jordi-mercader-hyundai-i20-rallycar-entre-els-millors-al-rallye-tierras-altas-de-lorca\\\/#primaryimage\"},\"image\":{\"@id\":\"https:\\\/\\\/equipvinyesdabad.com\\\/es\\\/rallys\\\/joan-vinyes-jordi-mercader-hyundai-i20-rallycar-entre-els-millors-al-rallye-tierras-altas-de-lorca\\\/#primaryimage\"},\"thumbnailUrl\":\"https:\\\/\\\/equipvinyesdabad.com\\\/wp-content\\\/uploads\\\/2025\\\/03\\\/7_Vinyes_Mercader_Lorca25-014.jpg\",\"datePublished\":\"2025-03-24T15:35:28+00:00\",\"dateModified\":\"2025-03-24T15:43:33+00:00\",\"author\":{\"@id\":\"https:\\\/\\\/equipvinyesdabad.com\\\/es\\\/#\\\/schema\\\/person\\\/f8e5dce2dd05b52015e006560c3cdcbd\"},\"breadcrumb\":{\"@id\":\"https:\\\/\\\/equipvinyesdabad.com\\\/es\\\/rallys\\\/joan-vinyes-jordi-mercader-hyundai-i20-rallycar-entre-els-millors-al-rallye-tierras-altas-de-lorca\\\/#breadcrumb\"},\"inLanguage\":\"es\",\"potentialAction\":[{\"@type\":\"ReadAction\",\"target\":[\"https:\\\/\\\/equipvinyesdabad.com\\\/es\\\/rallys\\\/joan-vinyes-jordi-mercader-hyundai-i20-rallycar-entre-els-millors-al-rallye-tierras-altas-de-lorca\\\/\"]}]},{\"@type\":\"ImageObject\",\"inLanguage\":\"es\",\"@id\":\"https:\\\/\\\/equipvinyesdabad.com\\\/es\\\/rallys\\\/joan-vinyes-jordi-mercader-hyundai-i20-rallycar-entre-els-millors-al-rallye-tierras-altas-de-lorca\\\/#primaryimage\",\"url\":\"https:\\\/\\\/equipvinyesdabad.com\\\/wp-content\\\/uploads\\\/2025\\\/03\\\/7_Vinyes_Mercader_Lorca25-014.jpg\",\"contentUrl\":\"https:\\\/\\\/equipvinyesdabad.com\\\/wp-content\\\/uploads\\\/2025\\\/03\\\/7_Vinyes_Mercader_Lorca25-014.jpg\",\"width\":1242,\"height\":550},{\"@type\":\"BreadcrumbList\",\"@id\":\"https:\\\/\\\/equipvinyesdabad.com\\\/es\\\/rallys\\\/joan-vinyes-jordi-mercader-hyundai-i20-rallycar-entre-els-millors-al-rallye-tierras-altas-de-lorca\\\/#breadcrumb\",\"itemListElement\":[{\"@type\":\"ListItem\",\"position\":1,\"name\":\"Inicio\",\"item\":\"https:\\\/\\\/equipvinyesdabad.com\\\/es\\\/\"},{\"@type\":\"ListItem\",\"position\":2,\"name\":\"Joan Vinyes-Jordi Mercader (Hyundai i20-Rallycar) entre los mejores en el Rallye Tierras Altas de Lorca\"}]},{\"@type\":\"WebSite\",\"@id\":\"https:\\\/\\\/equipvinyesdabad.com\\\/es\\\/#website\",\"url\":\"https:\\\/\\\/equipvinyesdabad.com\\\/es\\\/\",\"name\":\"Equip vinyes dabad\",\"description\":\"\",\"potentialAction\":[{\"@type\":\"SearchAction\",\"target\":{\"@type\":\"EntryPoint\",\"urlTemplate\":\"https:\\\/\\\/equipvinyesdabad.com\\\/es\\\/?s={search_term_string}\"},\"query-input\":{\"@type\":\"PropertyValueSpecification\",\"valueRequired\":true,\"valueName\":\"search_term_string\"}}],\"inLanguage\":\"es\"},{\"@type\":\"Person\",\"@id\":\"https:\\\/\\\/equipvinyesdabad.com\\\/es\\\/#\\\/schema\\\/person\\\/f8e5dce2dd05b52015e006560c3cdcbd\",\"name\":\"Miquel Rovira\",\"image\":{\"@type\":\"ImageObject\",\"inLanguage\":\"es\",\"@id\":\"https:\\\/\\\/secure.gravatar.com\\\/avatar\\\/bda62a5d1f24a29564e39fc678cf8ed8aca9e1d5ea122d7c35178867f95a8822?s=96&d=mm&r=g\",\"url\":\"https:\\\/\\\/secure.gravatar.com\\\/avatar\\\/bda62a5d1f24a29564e39fc678cf8ed8aca9e1d5ea122d7c35178867f95a8822?s=96&d=mm&r=g\",\"contentUrl\":\"https:\\\/\\\/secure.gravatar.com\\\/avatar\\\/bda62a5d1f24a29564e39fc678cf8ed8aca9e1d5ea122d7c35178867f95a8822?s=96&d=mm&r=g\",\"caption\":\"Miquel Rovira\"},\"url\":\"https:\\\/\\\/equipvinyesdabad.com\\\/es\\\/author\\\/miquelrovira\\\/\"}]}<\/script>\n<!-- \/ Yoast SEO plugin. -->","yoast_head_json":{"title":"Joan Vinyes-Jordi Mercader (Hyundai i20-Rallycar) entre los mejores en el Rallye Tierras Altas de Lorca - Equip vinyes dabad","robots":{"index":"index","follow":"follow","max-snippet":"max-snippet:-1","max-image-preview":"max-image-preview:large","max-video-preview":"max-video-preview:-1"},"canonical":"https:\/\/equipvinyesdabad.com\/es\/rallys\/joan-vinyes-jordi-mercader-hyundai-i20-rallycar-entre-els-millors-al-rallye-tierras-altas-de-lorca\/","og_locale":"es_ES","og_type":"article","og_title":"Joan Vinyes-Jordi Mercader (Hyundai i20-Rallycar) entre los mejores en el Rallye Tierras Altas de Lorca - Equip vinyes dabad","og_description":"Joan Vinyes consigue la victoria en la categor\u00eda Silver Buen comienzo de la temporada de rallys estatales del equipo Joan Vinyes-Jordi Mercader (Hyundai i20 &#8211; Rallycar) en el Rallye Tierras...","og_url":"https:\/\/equipvinyesdabad.com\/es\/rallys\/joan-vinyes-jordi-mercader-hyundai-i20-rallycar-entre-els-millors-al-rallye-tierras-altas-de-lorca\/","og_site_name":"Equip vinyes dabad","article_published_time":"2025-03-24T15:35:28+00:00","article_modified_time":"2025-03-24T15:43:33+00:00","og_image":[{"width":1242,"height":550,"url":"https:\/\/equipvinyesdabad.com\/wp-content\/uploads\/2025\/03\/7_Vinyes_Mercader_Lorca25-014.jpg","type":"image\/jpeg"}],"author":"Miquel Rovira","twitter_card":"summary_large_image","twitter_misc":{"Escrito por":"Miquel Rovira","Tiempo de lectura":"3 minutos"},"schema":{"@context":"https:\/\/schema.org","@graph":[{"@type":"Article","@id":"https:\/\/equipvinyesdabad.com\/es\/rallys\/joan-vinyes-jordi-mercader-hyundai-i20-rallycar-entre-els-millors-al-rallye-tierras-altas-de-lorca\/#article","isPartOf":{"@id":"https:\/\/equipvinyesdabad.com\/es\/rallys\/joan-vinyes-jordi-mercader-hyundai-i20-rallycar-entre-els-millors-al-rallye-tierras-altas-de-lorca\/"},"author":{"name":"Miquel Rovira","@id":"https:\/\/equipvinyesdabad.com\/es\/#\/schema\/person\/f8e5dce2dd05b52015e006560c3cdcbd"},"headline":"Joan Vinyes-Jordi Mercader (Hyundai i20-Rallycar) entre los mejores en el Rallye Tierras Altas de Lorca","datePublished":"2025-03-24T15:35:28+00:00","dateModified":"2025-03-24T15:43:33+00:00","mainEntityOfPage":{"@id":"https:\/\/equipvinyesdabad.com\/es\/rallys\/joan-vinyes-jordi-mercader-hyundai-i20-rallycar-entre-els-millors-al-rallye-tierras-altas-de-lorca\/"},"wordCount":487,"image":{"@id":"https:\/\/equipvinyesdabad.com\/es\/rallys\/joan-vinyes-jordi-mercader-hyundai-i20-rallycar-entre-els-millors-al-rallye-tierras-altas-de-lorca\/#primaryimage"},"thumbnailUrl":"https:\/\/equipvinyesdabad.com\/wp-content\/uploads\/2025\/03\/7_Vinyes_Mercader_Lorca25-014.jpg","articleSection":["Rallys","Rallys tierra"],"inLanguage":"es"},{"@type":"WebPage","@id":"https:\/\/equipvinyesdabad.com\/es\/rallys\/joan-vinyes-jordi-mercader-hyundai-i20-rallycar-entre-els-millors-al-rallye-tierras-altas-de-lorca\/","url":"https:\/\/equipvinyesdabad.com\/es\/rallys\/joan-vinyes-jordi-mercader-hyundai-i20-rallycar-entre-els-millors-al-rallye-tierras-altas-de-lorca\/","name":"Joan Vinyes-Jordi Mercader (Hyundai i20-Rallycar) entre los mejores en el Rallye Tierras Altas de Lorca - Equip vinyes dabad","isPartOf":{"@id":"https:\/\/equipvinyesdabad.com\/es\/#website"},"primaryImageOfPage":{"@id":"https:\/\/equipvinyesdabad.com\/es\/rallys\/joan-vinyes-jordi-mercader-hyundai-i20-rallycar-entre-els-millors-al-rallye-tierras-altas-de-lorca\/#primaryimage"},"image":{"@id":"https:\/\/equipvinyesdabad.com\/es\/rallys\/joan-vinyes-jordi-mercader-hyundai-i20-rallycar-entre-els-millors-al-rallye-tierras-altas-de-lorca\/#primaryimage"},"thumbnailUrl":"https:\/\/equipvinyesdabad.com\/wp-content\/uploads\/2025\/03\/7_Vinyes_Mercader_Lorca25-014.jpg","datePublished":"2025-03-24T15:35:28+00:00","dateModified":"2025-03-24T15:43:33+00:00","author":{"@id":"https:\/\/equipvinyesdabad.com\/es\/#\/schema\/person\/f8e5dce2dd05b52015e006560c3cdcbd"},"breadcrumb":{"@id":"https:\/\/equipvinyesdabad.com\/es\/rallys\/joan-vinyes-jordi-mercader-hyundai-i20-rallycar-entre-els-millors-al-rallye-tierras-altas-de-lorca\/#breadcrumb"},"inLanguage":"es","potentialAction":[{"@type":"ReadAction","target":["https:\/\/equipvinyesdabad.com\/es\/rallys\/joan-vinyes-jordi-mercader-hyundai-i20-rallycar-entre-els-millors-al-rallye-tierras-altas-de-lorca\/"]}]},{"@type":"ImageObject","inLanguage":"es","@id":"https:\/\/equipvinyesdabad.com\/es\/rallys\/joan-vinyes-jordi-mercader-hyundai-i20-rallycar-entre-els-millors-al-rallye-tierras-altas-de-lorca\/#primaryimage","url":"https:\/\/equipvinyesdabad.com\/wp-content\/uploads\/2025\/03\/7_Vinyes_Mercader_Lorca25-014.jpg","contentUrl":"https:\/\/equipvinyesdabad.com\/wp-content\/uploads\/2025\/03\/7_Vinyes_Mercader_Lorca25-014.jpg","width":1242,"height":550},{"@type":"BreadcrumbList","@id":"https:\/\/equipvinyesdabad.com\/es\/rallys\/joan-vinyes-jordi-mercader-hyundai-i20-rallycar-entre-els-millors-al-rallye-tierras-altas-de-lorca\/#breadcrumb","itemListElement":[{"@type":"ListItem","position":1,"name":"Inicio","item":"https:\/\/equipvinyesdabad.com\/es\/"},{"@type":"ListItem","position":2,"name":"Joan Vinyes-Jordi Mercader (Hyundai i20-Rallycar) entre los mejores en el Rallye Tierras Altas de Lorca"}]},{"@type":"WebSite","@id":"https:\/\/equipvinyesdabad.com\/es\/#website","url":"https:\/\/equipvinyesdabad.com\/es\/","name":"Equip vinyes dabad","description":"","potentialAction":[{"@type":"SearchAction","target":{"@type":"EntryPoint","urlTemplate":"https:\/\/equipvinyesdabad.com\/es\/?s={search_term_string}"},"query-input":{"@type":"PropertyValueSpecification","valueRequired":true,"valueName":"search_term_string"}}],"inLanguage":"es"},{"@type":"Person","@id":"https:\/\/equipvinyesdabad.com\/es\/#\/schema\/person\/f8e5dce2dd05b52015e006560c3cdcbd","name":"Miquel Rovira","image":{"@type":"ImageObject","inLanguage":"es","@id":"https:\/\/secure.gravatar.com\/avatar\/bda62a5d1f24a29564e39fc678cf8ed8aca9e1d5ea122d7c35178867f95a8822?s=96&d=mm&r=g","url":"https:\/\/secure.gravatar.com\/avatar\/bda62a5d1f24a29564e39fc678cf8ed8aca9e1d5ea122d7c35178867f95a8822?s=96&d=mm&r=g","contentUrl":"https:\/\/secure.gravatar.com\/avatar\/bda62a5d1f24a29564e39fc678cf8ed8aca9e1d5ea122d7c35178867f95a8822?s=96&d=mm&r=g","caption":"Miquel Rovira"},"url":"https:\/\/equipvinyesdabad.com\/es\/author\/miquelrovira\/"}]}},"_links":{"self":[{"href":"https:\/\/equipvinyesdabad.com\/es\/wp-json\/wp\/v2\/posts\/5069","targetHints":{"allow":["GET"]}}],"collection":[{"href":"https:\/\/equipvinyesdabad.com\/es\/wp-json\/wp\/v2\/posts"}],"about":[{"href":"https:\/\/equipvinyesdabad.com\/es\/wp-json\/wp\/v2\/types\/post"}],"author":[{"embeddable":true,"href":"https:\/\/equipvinyesdabad.com\/es\/wp-json\/wp\/v2\/users\/2"}],"replies":[{"embeddable":true,"href":"https:\/\/equipvinyesdabad.com\/es\/wp-json\/wp\/v2\/comments?post=5069"}],"version-history":[{"count":2,"href":"https:\/\/equipvinyesdabad.com\/es\/wp-json\/wp\/v2\/posts\/5069\/revisions"}],"predecessor-version":[{"id":5072,"href":"https:\/\/equipvinyesdabad.com\/es\/wp-json\/wp\/v2\/posts\/5069\/revisions\/5072"}],"wp:featuredmedia":[{"embeddable":true,"href":"https:\/\/equipvinyesdabad.com\/es\/wp-json\/wp\/v2\/media\/5065"}],"wp:attachment":[{"href":"https:\/\/equipvinyesdabad.com\/es\/wp-json\/wp\/v2\/media?parent=5069"}],"wp:term":[{"taxonomy":"category","embeddable":true,"href":"https:\/\/equipvinyesdabad.com\/es\/wp-json\/wp\/v2\/categories?post=5069"},{"taxonomy":"post_tag","embeddable":true,"href":"https:\/\/equipvinyesdabad.com\/es\/wp-json\/wp\/v2\/tags?post=5069"}],"curies":[{"name":"wp","href":"https:\/\/api.w.org\/{rel}","templated":true}]}}