{"id":5094,"date":"2025-03-31T17:44:25","date_gmt":"2025-03-31T17:44:25","guid":{"rendered":"https:\/\/equipvinyesdabad.com\/sin-categorizar\/doble-podi-per-a-joan-vinyes-jaume-font-porsche-992-gt3-cup-al-campionat-despanya-de-gt-a-motorland\/"},"modified":"2025-03-31T17:50:41","modified_gmt":"2025-03-31T17:50:41","slug":"doble-podi-per-a-joan-vinyes-jaume-font-porsche-992-gt3-cup-al-campionat-despanya-de-gt-a-motorland","status":"publish","type":"post","link":"https:\/\/equipvinyesdabad.com\/es\/circuitos\/doble-podi-per-a-joan-vinyes-jaume-font-porsche-992-gt3-cup-al-campionat-despanya-de-gt-a-motorland\/","title":{"rendered":"Doble podio para Joan Vinyes &#8211; Jaume Font (Porsche 992 GT3 Cup) en el Campeonato de Espa\u00f1a de GT a Motorland"},"content":{"rendered":"\n<p>El equipo Vinyes Dabad con el apoyo t\u00e9cnico de Baporo Motorsport formado por Joan Vinyes y Jaume Font se estren\u00f3 en el podio, terceros y segundos, en las dos primeras carreras del Campeonato de Espa\u00f1a de GT, disputadas este fin de semana dentro del programa de competiciones del Racing Weekend en el circuito aragon\u00e9s de Motorland.<\/p>\n\n\n\n<p>En la primera sesi\u00f3n de entrenamientos cronometrados fue Jaume Font el encargado de conducir el Porsche 992 GT3 Cup, que en esta carrera estrenaba una nueva decoraci\u00f3n con la cual se ha convertido en uno de los veh\u00edculos m\u00e1s atractivos del campeonato. Font consigui\u00f3 su mejor registro en la s\u00e9ptima vuelta de las nueve que dio al trazado aragon\u00e9s, el cual le permiti\u00f3 salir desde el sexto lugar a la formaci\u00f3n de salida. En la segunda sesi\u00f3n cronometrada fue el turno de Joan Vinyes. El piloto andorrano consigui\u00f3 su mejor vuelta en su cuarto paso por meta, coloc\u00e1ndose en la tercera posici\u00f3n para la parrilla de la segunda carrera.<\/p>\n\n\n\n<p>En la primera carrera, Font fue el encargado de tomar la salida y hacer el primer relevo manteniendo la sexta posici\u00f3n hasta la parada a box para hacer el cambio de piloto. La buena estrategia del equipo hizo que Vinyes saliera a la pista habiendo mejorado la posici\u00f3n en carrera y con condiciones de intentar progresar todav\u00eda m\u00e1s. En el intento de reducir la ventaja con los pilotos que le preced\u00edan, fue penalizado con un \u201ctrack limit\u201d por superar los l\u00edmites de la pista, pero esta peque\u00f1a penalizaci\u00f3n no vari\u00f3 su posici\u00f3n final. Justo en la \u00faltima vuelta protagoniz\u00f3 uno de los adelantamientos del d\u00eda para colocarse en tercera posici\u00f3n y mantenerla hasta pasar bajo la bandera de cuadros.<\/p>\n\n\n\n<p>En la segunda carrera, fue el turno de Joan Vinyes de tomar la salida. Gracias al tercer mejor tiempo en los entrenamientos, pudo salir por la parte interior de la formaci\u00f3n y gracias a una buena salida, despu\u00e9s de la primera curva ya hab\u00eda ganado una posici\u00f3n. Vinyes mantuvo la segunda posici\u00f3n hasta la entrada al box para hacer el cambio de piloto. De nuevo el buen trabajo de Baporo Motorsport hizo que Jaume Font volviera a la pista en primera posici\u00f3n, lugar que mantuvo hasta los \u00faltimos minutos de la carrera cuando fue avanzado para el portugu\u00e9s Vieira.<\/p>\n\n\n\n<p>Con estos dos podios, tercero y segundo, Joan Vinyes y Jaume Font se colocan en la tercera posici\u00f3n provisional del campeonato de Espa\u00f1a que tendr\u00e1 un total de 6 pruebas puntuables de 2 carreras cada una.<\/p>\n","protected":false},"excerpt":{"rendered":"<p>El equipo Vinyes Dabad con el apoyo t\u00e9cnico de Baporo Motorsport formado por Joan Vinyes y Jaume Font se estren\u00f3 en el podio, terceros y segundos, en las dos primeras&#8230;<\/p>\n","protected":false},"author":2,"featured_media":5092,"comment_status":"closed","ping_status":"closed","sticky":false,"template":"","format":"standard","meta":{"_kadence_starter_templates_imported_post":false,"_kad_post_transparent":"","_kad_post_title":"","_kad_post_layout":"","_kad_post_sidebar_id":"","_kad_post_content_style":"","_kad_post_vertical_padding":"","_kad_post_feature":"","_kad_post_feature_position":"","_kad_post_header":false,"_kad_post_footer":false,"_kad_post_classname":"","footnotes":""},"categories":[52,92],"tags":[],"class_list":["post-5094","post","type-post","status-publish","format-standard","has-post-thumbnail","hentry","category-circuitos","category-circuitos-espana"],"yoast_head":"<!-- This site is optimized with the Yoast SEO plugin v27.4 - https:\/\/yoast.com\/product\/yoast-seo-wordpress\/ -->\n<title>Doble podio para Joan Vinyes - Jaume Font (Porsche 992 GT3 Cup) en el Campeonato de Espa\u00f1a de GT a Motorland - Equip vinyes dabad<\/title>\n<meta name=\"robots\" content=\"index, follow, max-snippet:-1, max-image-preview:large, max-video-preview:-1\" \/>\n<link rel=\"canonical\" href=\"https:\/\/equipvinyesdabad.com\/es\/circuitos\/doble-podi-per-a-joan-vinyes-jaume-font-porsche-992-gt3-cup-al-campionat-despanya-de-gt-a-motorland\/\" \/>\n<meta property=\"og:locale\" content=\"es_ES\" \/>\n<meta property=\"og:type\" content=\"article\" \/>\n<meta property=\"og:title\" content=\"Doble podio para Joan Vinyes - Jaume Font (Porsche 992 GT3 Cup) en el Campeonato de Espa\u00f1a de GT a Motorland - Equip vinyes dabad\" \/>\n<meta property=\"og:description\" content=\"El equipo Vinyes Dabad con el apoyo t\u00e9cnico de Baporo Motorsport formado por Joan Vinyes y Jaume Font se estren\u00f3 en el podio, terceros y segundos, en las dos primeras...\" \/>\n<meta property=\"og:url\" content=\"https:\/\/equipvinyesdabad.com\/es\/circuitos\/doble-podi-per-a-joan-vinyes-jaume-font-porsche-992-gt3-cup-al-campionat-despanya-de-gt-a-motorland\/\" \/>\n<meta property=\"og:site_name\" content=\"Equip vinyes dabad\" \/>\n<meta property=\"article:published_time\" content=\"2025-03-31T17:44:25+00:00\" \/>\n<meta property=\"article:modified_time\" content=\"2025-03-31T17:50:41+00:00\" \/>\n<meta property=\"og:image\" content=\"https:\/\/equipvinyesdabad.com\/wp-content\/uploads\/2025\/03\/Vinyes-GT-5-4_web.jpg\" \/>\n\t<meta property=\"og:image:width\" content=\"1242\" \/>\n\t<meta property=\"og:image:height\" content=\"550\" \/>\n\t<meta property=\"og:image:type\" content=\"image\/jpeg\" \/>\n<meta name=\"author\" content=\"Miquel Rovira\" \/>\n<meta name=\"twitter:card\" content=\"summary_large_image\" \/>\n<meta name=\"twitter:label1\" content=\"Escrito por\" \/>\n\t<meta name=\"twitter:data1\" content=\"Miquel Rovira\" \/>\n\t<meta name=\"twitter:label2\" content=\"Tiempo de lectura\" \/>\n\t<meta name=\"twitter:data2\" content=\"3 minutos\" \/>\n<script type=\"application\/ld+json\" class=\"yoast-schema-graph\">{\"@context\":\"https:\\\/\\\/schema.org\",\"@graph\":[{\"@type\":\"Article\",\"@id\":\"https:\\\/\\\/equipvinyesdabad.com\\\/es\\\/circuitos\\\/doble-podi-per-a-joan-vinyes-jaume-font-porsche-992-gt3-cup-al-campionat-despanya-de-gt-a-motorland\\\/#article\",\"isPartOf\":{\"@id\":\"https:\\\/\\\/equipvinyesdabad.com\\\/es\\\/circuitos\\\/doble-podi-per-a-joan-vinyes-jaume-font-porsche-992-gt3-cup-al-campionat-despanya-de-gt-a-motorland\\\/\"},\"author\":{\"name\":\"Miquel Rovira\",\"@id\":\"https:\\\/\\\/equipvinyesdabad.com\\\/es\\\/#\\\/schema\\\/person\\\/f8e5dce2dd05b52015e006560c3cdcbd\"},\"headline\":\"Doble podio para Joan Vinyes &#8211; Jaume Font (Porsche 992 GT3 Cup) en el Campeonato de Espa\u00f1a de GT a Motorland\",\"datePublished\":\"2025-03-31T17:44:25+00:00\",\"dateModified\":\"2025-03-31T17:50:41+00:00\",\"mainEntityOfPage\":{\"@id\":\"https:\\\/\\\/equipvinyesdabad.com\\\/es\\\/circuitos\\\/doble-podi-per-a-joan-vinyes-jaume-font-porsche-992-gt3-cup-al-campionat-despanya-de-gt-a-motorland\\\/\"},\"wordCount\":470,\"image\":{\"@id\":\"https:\\\/\\\/equipvinyesdabad.com\\\/es\\\/circuitos\\\/doble-podi-per-a-joan-vinyes-jaume-font-porsche-992-gt3-cup-al-campionat-despanya-de-gt-a-motorland\\\/#primaryimage\"},\"thumbnailUrl\":\"https:\\\/\\\/equipvinyesdabad.com\\\/wp-content\\\/uploads\\\/2025\\\/03\\\/Vinyes-GT-5-4_web.jpg\",\"articleSection\":[\"Circuitos\",\"Circuitos Espa\u00f1a\"],\"inLanguage\":\"es\"},{\"@type\":\"WebPage\",\"@id\":\"https:\\\/\\\/equipvinyesdabad.com\\\/es\\\/circuitos\\\/doble-podi-per-a-joan-vinyes-jaume-font-porsche-992-gt3-cup-al-campionat-despanya-de-gt-a-motorland\\\/\",\"url\":\"https:\\\/\\\/equipvinyesdabad.com\\\/es\\\/circuitos\\\/doble-podi-per-a-joan-vinyes-jaume-font-porsche-992-gt3-cup-al-campionat-despanya-de-gt-a-motorland\\\/\",\"name\":\"Doble podio para Joan Vinyes - Jaume Font (Porsche 992 GT3 Cup) en el Campeonato de Espa\u00f1a de GT a Motorland - Equip vinyes dabad\",\"isPartOf\":{\"@id\":\"https:\\\/\\\/equipvinyesdabad.com\\\/es\\\/#website\"},\"primaryImageOfPage\":{\"@id\":\"https:\\\/\\\/equipvinyesdabad.com\\\/es\\\/circuitos\\\/doble-podi-per-a-joan-vinyes-jaume-font-porsche-992-gt3-cup-al-campionat-despanya-de-gt-a-motorland\\\/#primaryimage\"},\"image\":{\"@id\":\"https:\\\/\\\/equipvinyesdabad.com\\\/es\\\/circuitos\\\/doble-podi-per-a-joan-vinyes-jaume-font-porsche-992-gt3-cup-al-campionat-despanya-de-gt-a-motorland\\\/#primaryimage\"},\"thumbnailUrl\":\"https:\\\/\\\/equipvinyesdabad.com\\\/wp-content\\\/uploads\\\/2025\\\/03\\\/Vinyes-GT-5-4_web.jpg\",\"datePublished\":\"2025-03-31T17:44:25+00:00\",\"dateModified\":\"2025-03-31T17:50:41+00:00\",\"author\":{\"@id\":\"https:\\\/\\\/equipvinyesdabad.com\\\/es\\\/#\\\/schema\\\/person\\\/f8e5dce2dd05b52015e006560c3cdcbd\"},\"breadcrumb\":{\"@id\":\"https:\\\/\\\/equipvinyesdabad.com\\\/es\\\/circuitos\\\/doble-podi-per-a-joan-vinyes-jaume-font-porsche-992-gt3-cup-al-campionat-despanya-de-gt-a-motorland\\\/#breadcrumb\"},\"inLanguage\":\"es\",\"potentialAction\":[{\"@type\":\"ReadAction\",\"target\":[\"https:\\\/\\\/equipvinyesdabad.com\\\/es\\\/circuitos\\\/doble-podi-per-a-joan-vinyes-jaume-font-porsche-992-gt3-cup-al-campionat-despanya-de-gt-a-motorland\\\/\"]}]},{\"@type\":\"ImageObject\",\"inLanguage\":\"es\",\"@id\":\"https:\\\/\\\/equipvinyesdabad.com\\\/es\\\/circuitos\\\/doble-podi-per-a-joan-vinyes-jaume-font-porsche-992-gt3-cup-al-campionat-despanya-de-gt-a-motorland\\\/#primaryimage\",\"url\":\"https:\\\/\\\/equipvinyesdabad.com\\\/wp-content\\\/uploads\\\/2025\\\/03\\\/Vinyes-GT-5-4_web.jpg\",\"contentUrl\":\"https:\\\/\\\/equipvinyesdabad.com\\\/wp-content\\\/uploads\\\/2025\\\/03\\\/Vinyes-GT-5-4_web.jpg\",\"width\":1242,\"height\":550},{\"@type\":\"BreadcrumbList\",\"@id\":\"https:\\\/\\\/equipvinyesdabad.com\\\/es\\\/circuitos\\\/doble-podi-per-a-joan-vinyes-jaume-font-porsche-992-gt3-cup-al-campionat-despanya-de-gt-a-motorland\\\/#breadcrumb\",\"itemListElement\":[{\"@type\":\"ListItem\",\"position\":1,\"name\":\"Inicio\",\"item\":\"https:\\\/\\\/equipvinyesdabad.com\\\/es\\\/\"},{\"@type\":\"ListItem\",\"position\":2,\"name\":\"Doble podio para Joan Vinyes &#8211; Jaume Font (Porsche 992 GT3 Cup) en el Campeonato de Espa\u00f1a de GT a Motorland\"}]},{\"@type\":\"WebSite\",\"@id\":\"https:\\\/\\\/equipvinyesdabad.com\\\/es\\\/#website\",\"url\":\"https:\\\/\\\/equipvinyesdabad.com\\\/es\\\/\",\"name\":\"Equip vinyes dabad\",\"description\":\"\",\"potentialAction\":[{\"@type\":\"SearchAction\",\"target\":{\"@type\":\"EntryPoint\",\"urlTemplate\":\"https:\\\/\\\/equipvinyesdabad.com\\\/es\\\/?s={search_term_string}\"},\"query-input\":{\"@type\":\"PropertyValueSpecification\",\"valueRequired\":true,\"valueName\":\"search_term_string\"}}],\"inLanguage\":\"es\"},{\"@type\":\"Person\",\"@id\":\"https:\\\/\\\/equipvinyesdabad.com\\\/es\\\/#\\\/schema\\\/person\\\/f8e5dce2dd05b52015e006560c3cdcbd\",\"name\":\"Miquel Rovira\",\"image\":{\"@type\":\"ImageObject\",\"inLanguage\":\"es\",\"@id\":\"https:\\\/\\\/secure.gravatar.com\\\/avatar\\\/bda62a5d1f24a29564e39fc678cf8ed8aca9e1d5ea122d7c35178867f95a8822?s=96&d=mm&r=g\",\"url\":\"https:\\\/\\\/secure.gravatar.com\\\/avatar\\\/bda62a5d1f24a29564e39fc678cf8ed8aca9e1d5ea122d7c35178867f95a8822?s=96&d=mm&r=g\",\"contentUrl\":\"https:\\\/\\\/secure.gravatar.com\\\/avatar\\\/bda62a5d1f24a29564e39fc678cf8ed8aca9e1d5ea122d7c35178867f95a8822?s=96&d=mm&r=g\",\"caption\":\"Miquel Rovira\"},\"url\":\"https:\\\/\\\/equipvinyesdabad.com\\\/es\\\/author\\\/miquelrovira\\\/\"}]}<\/script>\n<!-- \/ Yoast SEO plugin. -->","yoast_head_json":{"title":"Doble podio para Joan Vinyes - Jaume Font (Porsche 992 GT3 Cup) en el Campeonato de Espa\u00f1a de GT a Motorland - Equip vinyes dabad","robots":{"index":"index","follow":"follow","max-snippet":"max-snippet:-1","max-image-preview":"max-image-preview:large","max-video-preview":"max-video-preview:-1"},"canonical":"https:\/\/equipvinyesdabad.com\/es\/circuitos\/doble-podi-per-a-joan-vinyes-jaume-font-porsche-992-gt3-cup-al-campionat-despanya-de-gt-a-motorland\/","og_locale":"es_ES","og_type":"article","og_title":"Doble podio para Joan Vinyes - Jaume Font (Porsche 992 GT3 Cup) en el Campeonato de Espa\u00f1a de GT a Motorland - Equip vinyes dabad","og_description":"El equipo Vinyes Dabad con el apoyo t\u00e9cnico de Baporo Motorsport formado por Joan Vinyes y Jaume Font se estren\u00f3 en el podio, terceros y segundos, en las dos primeras...","og_url":"https:\/\/equipvinyesdabad.com\/es\/circuitos\/doble-podi-per-a-joan-vinyes-jaume-font-porsche-992-gt3-cup-al-campionat-despanya-de-gt-a-motorland\/","og_site_name":"Equip vinyes dabad","article_published_time":"2025-03-31T17:44:25+00:00","article_modified_time":"2025-03-31T17:50:41+00:00","og_image":[{"width":1242,"height":550,"url":"https:\/\/equipvinyesdabad.com\/wp-content\/uploads\/2025\/03\/Vinyes-GT-5-4_web.jpg","type":"image\/jpeg"}],"author":"Miquel Rovira","twitter_card":"summary_large_image","twitter_misc":{"Escrito por":"Miquel Rovira","Tiempo de lectura":"3 minutos"},"schema":{"@context":"https:\/\/schema.org","@graph":[{"@type":"Article","@id":"https:\/\/equipvinyesdabad.com\/es\/circuitos\/doble-podi-per-a-joan-vinyes-jaume-font-porsche-992-gt3-cup-al-campionat-despanya-de-gt-a-motorland\/#article","isPartOf":{"@id":"https:\/\/equipvinyesdabad.com\/es\/circuitos\/doble-podi-per-a-joan-vinyes-jaume-font-porsche-992-gt3-cup-al-campionat-despanya-de-gt-a-motorland\/"},"author":{"name":"Miquel Rovira","@id":"https:\/\/equipvinyesdabad.com\/es\/#\/schema\/person\/f8e5dce2dd05b52015e006560c3cdcbd"},"headline":"Doble podio para Joan Vinyes &#8211; Jaume Font (Porsche 992 GT3 Cup) en el Campeonato de Espa\u00f1a de GT a Motorland","datePublished":"2025-03-31T17:44:25+00:00","dateModified":"2025-03-31T17:50:41+00:00","mainEntityOfPage":{"@id":"https:\/\/equipvinyesdabad.com\/es\/circuitos\/doble-podi-per-a-joan-vinyes-jaume-font-porsche-992-gt3-cup-al-campionat-despanya-de-gt-a-motorland\/"},"wordCount":470,"image":{"@id":"https:\/\/equipvinyesdabad.com\/es\/circuitos\/doble-podi-per-a-joan-vinyes-jaume-font-porsche-992-gt3-cup-al-campionat-despanya-de-gt-a-motorland\/#primaryimage"},"thumbnailUrl":"https:\/\/equipvinyesdabad.com\/wp-content\/uploads\/2025\/03\/Vinyes-GT-5-4_web.jpg","articleSection":["Circuitos","Circuitos Espa\u00f1a"],"inLanguage":"es"},{"@type":"WebPage","@id":"https:\/\/equipvinyesdabad.com\/es\/circuitos\/doble-podi-per-a-joan-vinyes-jaume-font-porsche-992-gt3-cup-al-campionat-despanya-de-gt-a-motorland\/","url":"https:\/\/equipvinyesdabad.com\/es\/circuitos\/doble-podi-per-a-joan-vinyes-jaume-font-porsche-992-gt3-cup-al-campionat-despanya-de-gt-a-motorland\/","name":"Doble podio para Joan Vinyes - Jaume Font (Porsche 992 GT3 Cup) en el Campeonato de Espa\u00f1a de GT a Motorland - Equip vinyes dabad","isPartOf":{"@id":"https:\/\/equipvinyesdabad.com\/es\/#website"},"primaryImageOfPage":{"@id":"https:\/\/equipvinyesdabad.com\/es\/circuitos\/doble-podi-per-a-joan-vinyes-jaume-font-porsche-992-gt3-cup-al-campionat-despanya-de-gt-a-motorland\/#primaryimage"},"image":{"@id":"https:\/\/equipvinyesdabad.com\/es\/circuitos\/doble-podi-per-a-joan-vinyes-jaume-font-porsche-992-gt3-cup-al-campionat-despanya-de-gt-a-motorland\/#primaryimage"},"thumbnailUrl":"https:\/\/equipvinyesdabad.com\/wp-content\/uploads\/2025\/03\/Vinyes-GT-5-4_web.jpg","datePublished":"2025-03-31T17:44:25+00:00","dateModified":"2025-03-31T17:50:41+00:00","author":{"@id":"https:\/\/equipvinyesdabad.com\/es\/#\/schema\/person\/f8e5dce2dd05b52015e006560c3cdcbd"},"breadcrumb":{"@id":"https:\/\/equipvinyesdabad.com\/es\/circuitos\/doble-podi-per-a-joan-vinyes-jaume-font-porsche-992-gt3-cup-al-campionat-despanya-de-gt-a-motorland\/#breadcrumb"},"inLanguage":"es","potentialAction":[{"@type":"ReadAction","target":["https:\/\/equipvinyesdabad.com\/es\/circuitos\/doble-podi-per-a-joan-vinyes-jaume-font-porsche-992-gt3-cup-al-campionat-despanya-de-gt-a-motorland\/"]}]},{"@type":"ImageObject","inLanguage":"es","@id":"https:\/\/equipvinyesdabad.com\/es\/circuitos\/doble-podi-per-a-joan-vinyes-jaume-font-porsche-992-gt3-cup-al-campionat-despanya-de-gt-a-motorland\/#primaryimage","url":"https:\/\/equipvinyesdabad.com\/wp-content\/uploads\/2025\/03\/Vinyes-GT-5-4_web.jpg","contentUrl":"https:\/\/equipvinyesdabad.com\/wp-content\/uploads\/2025\/03\/Vinyes-GT-5-4_web.jpg","width":1242,"height":550},{"@type":"BreadcrumbList","@id":"https:\/\/equipvinyesdabad.com\/es\/circuitos\/doble-podi-per-a-joan-vinyes-jaume-font-porsche-992-gt3-cup-al-campionat-despanya-de-gt-a-motorland\/#breadcrumb","itemListElement":[{"@type":"ListItem","position":1,"name":"Inicio","item":"https:\/\/equipvinyesdabad.com\/es\/"},{"@type":"ListItem","position":2,"name":"Doble podio para Joan Vinyes &#8211; Jaume Font (Porsche 992 GT3 Cup) en el Campeonato de Espa\u00f1a de GT a Motorland"}]},{"@type":"WebSite","@id":"https:\/\/equipvinyesdabad.com\/es\/#website","url":"https:\/\/equipvinyesdabad.com\/es\/","name":"Equip vinyes dabad","description":"","potentialAction":[{"@type":"SearchAction","target":{"@type":"EntryPoint","urlTemplate":"https:\/\/equipvinyesdabad.com\/es\/?s={search_term_string}"},"query-input":{"@type":"PropertyValueSpecification","valueRequired":true,"valueName":"search_term_string"}}],"inLanguage":"es"},{"@type":"Person","@id":"https:\/\/equipvinyesdabad.com\/es\/#\/schema\/person\/f8e5dce2dd05b52015e006560c3cdcbd","name":"Miquel Rovira","image":{"@type":"ImageObject","inLanguage":"es","@id":"https:\/\/secure.gravatar.com\/avatar\/bda62a5d1f24a29564e39fc678cf8ed8aca9e1d5ea122d7c35178867f95a8822?s=96&d=mm&r=g","url":"https:\/\/secure.gravatar.com\/avatar\/bda62a5d1f24a29564e39fc678cf8ed8aca9e1d5ea122d7c35178867f95a8822?s=96&d=mm&r=g","contentUrl":"https:\/\/secure.gravatar.com\/avatar\/bda62a5d1f24a29564e39fc678cf8ed8aca9e1d5ea122d7c35178867f95a8822?s=96&d=mm&r=g","caption":"Miquel Rovira"},"url":"https:\/\/equipvinyesdabad.com\/es\/author\/miquelrovira\/"}]}},"_links":{"self":[{"href":"https:\/\/equipvinyesdabad.com\/es\/wp-json\/wp\/v2\/posts\/5094","targetHints":{"allow":["GET"]}}],"collection":[{"href":"https:\/\/equipvinyesdabad.com\/es\/wp-json\/wp\/v2\/posts"}],"about":[{"href":"https:\/\/equipvinyesdabad.com\/es\/wp-json\/wp\/v2\/types\/post"}],"author":[{"embeddable":true,"href":"https:\/\/equipvinyesdabad.com\/es\/wp-json\/wp\/v2\/users\/2"}],"replies":[{"embeddable":true,"href":"https:\/\/equipvinyesdabad.com\/es\/wp-json\/wp\/v2\/comments?post=5094"}],"version-history":[{"count":1,"href":"https:\/\/equipvinyesdabad.com\/es\/wp-json\/wp\/v2\/posts\/5094\/revisions"}],"predecessor-version":[{"id":5097,"href":"https:\/\/equipvinyesdabad.com\/es\/wp-json\/wp\/v2\/posts\/5094\/revisions\/5097"}],"wp:featuredmedia":[{"embeddable":true,"href":"https:\/\/equipvinyesdabad.com\/es\/wp-json\/wp\/v2\/media\/5092"}],"wp:attachment":[{"href":"https:\/\/equipvinyesdabad.com\/es\/wp-json\/wp\/v2\/media?parent=5094"}],"wp:term":[{"taxonomy":"category","embeddable":true,"href":"https:\/\/equipvinyesdabad.com\/es\/wp-json\/wp\/v2\/categories?post=5094"},{"taxonomy":"post_tag","embeddable":true,"href":"https:\/\/equipvinyesdabad.com\/es\/wp-json\/wp\/v2\/tags?post=5094"}],"curies":[{"name":"wp","href":"https:\/\/api.w.org\/{rel}","templated":true}]}}