{"id":5173,"date":"2025-08-25T10:49:39","date_gmt":"2025-08-25T10:49:39","guid":{"rendered":"https:\/\/equipvinyesdabad.com\/sin-categorizar\/joan-vinyes-jordi-mercader-hyundai-i20-rallycar-firmen-un-cinque-lloc-al-56-rallye-de-ferrol\/"},"modified":"2025-08-25T11:01:25","modified_gmt":"2025-08-25T11:01:25","slug":"joan-vinyes-jordi-mercader-hyundai-i20-rallycar-firmen-un-cinque-lloc-al-56-rallye-de-ferrol","status":"publish","type":"post","link":"https:\/\/equipvinyesdabad.com\/es\/rallys\/joan-vinyes-jordi-mercader-hyundai-i20-rallycar-firmen-un-cinque-lloc-al-56-rallye-de-ferrol\/","title":{"rendered":"Joan vinyes-jordi Mercader (hyundai i20-Rallycar) firman un quinto lugar en el 56 rallye de ferrol"},"content":{"rendered":"\n<p class=\"has-larger-font-size\"><strong>La prueba tuvo una espectacular inscripci\u00f3n de 123 equipos participantes<br><\/strong><\/p>\n\n\n\n<p class=\"has-small-font-size\">Despu\u00e9s de la parada de las competiciones en la \u00e9poca de verano, Joan Vinyes y Jordi Mercader retomaron el pulso de las carreras en tierras gallegas este pasado fin de semana. Fue en el marco del 56 Rallye de Ferrol, competici\u00f3n puntuable por el Campeonato Gallego de Rallyes y cont\u00f3 con una inscripci\u00f3n de lujo con una nutrida lista de inscritos de 123 equipos presentes en la salida.<\/p>\n\n\n\n<p class=\"has-small-font-size\">El 56 Rallye de Ferrol se disput\u00f3 todo en la jornada del s\u00e1bado. Previamente, el viernes se hicieron los tr\u00e1mites de las verificaciones y los equipos tuvieron la oportunidad de participar en el shakedown para poder hacer los \u00faltimos ajustes en los veh\u00edculos. Todo esto antes de la presentaci\u00f3n protocolaria de los equipos por las calles del Ferrol, acto en el cual se reuni\u00f3 numeroso p\u00fablico para poder ver y sentir de cerca a los pilotos y sus veh\u00edculos.<\/p>\n\n\n\n<p class=\"has-small-font-size\">La estructura del rallye estuvo formada por siete tramos cronometrados con 97,61 km de velocidad y un recorrido total de 333,05 km con salida y llegada en la ciudad de Ferrol. La competici\u00f3n estuvo marcada por las altas temperaturas y por el numeroso p\u00fablico que sigui\u00f3 la prueba a pie de carretera, que ratifica la gran expectaci\u00f3n que provoc\u00f3 la prueba.<\/p>\n\n\n\n<p class=\"has-small-font-size\">Joan Vinyes y Jordi Mercader empezaron con el grupo l\u00edder, a pesar de que el piloto local, gran conocedor de las carreteras gallegas, V\u00edctor Senra marc\u00f3 desde el principio un ritmo muy fuerte. Vinyes-Mercader fueron aumentando el ritmo progresivamente hasta que un pinchazo en el tercer tramo los condicion\u00f3. \u201cNos hemos encontrado unos tramos muy sucios -apunta Joan Vinyes-&nbsp; y en el tercer tramo en una curva hemos tenido una peque\u00f1a salida, pero que no hemos perdido tiempo. Aun as\u00ed, a partir de aquel momento, he notado que la adherencia iba menguando como consecuencia de un pinchazo que nos hizo bajar considerablemente el ritmo hasta perder m\u00e1s de 1 minuto al final del tramo y poder llegar justos a la asistencia. Aparte del pinchazo, las altas temperaturas tambi\u00e9n han condicionado el rendimiento de los neum\u00e1ticos, con una degradaci\u00f3n muy alta al acabar cada secci\u00f3n. Al final se nos escap\u00f3 la cuarta posici\u00f3n por una penalizaci\u00f3n de 10 segundos por haber tocado una de las protecciones en una chicane\u201d.<\/p>\n\n\n\n<p class=\"has-small-font-size\">El pr\u00f3ximo compromiso de rallyes de Joan Vinyes y Jordi Mercader ser\u00e1 al Rallye de Tierra de Galicia, prueba puntuable para el Campeonato de Espa\u00f1a (CERT) los d\u00edas 5 y 6 de septiembre.<\/p>\n\n\n\n<p class=\"has-small-font-size\"><p style=\"margin-right: 0px; margin-bottom: 0px; margin-left: 0px; font-stretch: normal; font-size: 11px; line-height: normal; font-family: Arial; min-height: 12px;\"><\/p><br><\/p>\n\n\n\n<p><\/p>\n","protected":false},"excerpt":{"rendered":"<p>La prueba tuvo una espectacular inscripci\u00f3n de 123 equipos participantes Despu\u00e9s de la parada de las competiciones en la \u00e9poca de verano, Joan Vinyes y Jordi Mercader retomaron el pulso&#8230;<\/p>\n","protected":false},"author":2,"featured_media":5169,"comment_status":"closed","ping_status":"closed","sticky":false,"template":"","format":"standard","meta":{"_kadence_starter_templates_imported_post":false,"_kad_post_transparent":"","_kad_post_title":"","_kad_post_layout":"","_kad_post_sidebar_id":"","_kad_post_content_style":"","_kad_post_vertical_padding":"","_kad_post_feature":"","_kad_post_feature_position":"","_kad_post_header":false,"_kad_post_footer":false,"_kad_post_classname":"","footnotes":""},"categories":[46,60],"tags":[],"class_list":["post-5173","post","type-post","status-publish","format-standard","has-post-thumbnail","hentry","category-rallys","category-rallys-asfalto"],"yoast_head":"<!-- This site is optimized with the Yoast SEO plugin v27.4 - https:\/\/yoast.com\/product\/yoast-seo-wordpress\/ -->\n<title>Joan vinyes-jordi Mercader (hyundai i20-Rallycar) firman un quinto lugar en el 56 rallye de ferrol - Equip vinyes dabad<\/title>\n<meta name=\"robots\" content=\"index, follow, max-snippet:-1, max-image-preview:large, max-video-preview:-1\" \/>\n<link rel=\"canonical\" href=\"https:\/\/equipvinyesdabad.com\/es\/rallys\/joan-vinyes-jordi-mercader-hyundai-i20-rallycar-firmen-un-cinque-lloc-al-56-rallye-de-ferrol\/\" \/>\n<meta property=\"og:locale\" content=\"es_ES\" \/>\n<meta property=\"og:type\" content=\"article\" \/>\n<meta property=\"og:title\" content=\"Joan vinyes-jordi Mercader (hyundai i20-Rallycar) firman un quinto lugar en el 56 rallye de ferrol - Equip vinyes dabad\" \/>\n<meta property=\"og:description\" content=\"La prueba tuvo una espectacular inscripci\u00f3n de 123 equipos participantes Despu\u00e9s de la parada de las competiciones en la \u00e9poca de verano, Joan Vinyes y Jordi Mercader retomaron el pulso...\" \/>\n<meta property=\"og:url\" content=\"https:\/\/equipvinyesdabad.com\/es\/rallys\/joan-vinyes-jordi-mercader-hyundai-i20-rallycar-firmen-un-cinque-lloc-al-56-rallye-de-ferrol\/\" \/>\n<meta property=\"og:site_name\" content=\"Equip vinyes dabad\" \/>\n<meta property=\"article:published_time\" content=\"2025-08-25T10:49:39+00:00\" \/>\n<meta property=\"article:modified_time\" content=\"2025-08-25T11:01:25+00:00\" \/>\n<meta property=\"og:image\" content=\"https:\/\/equipvinyesdabad.com\/wp-content\/uploads\/2025\/08\/BP-Ferrol25-04851-2.jpg\" \/>\n\t<meta property=\"og:image:width\" content=\"1242\" \/>\n\t<meta property=\"og:image:height\" content=\"550\" \/>\n\t<meta property=\"og:image:type\" content=\"image\/jpeg\" \/>\n<meta name=\"author\" content=\"Miquel Rovira\" \/>\n<meta name=\"twitter:card\" content=\"summary_large_image\" \/>\n<meta name=\"twitter:label1\" content=\"Escrito por\" \/>\n\t<meta name=\"twitter:data1\" content=\"Miquel Rovira\" \/>\n\t<meta name=\"twitter:label2\" content=\"Tiempo de lectura\" \/>\n\t<meta name=\"twitter:data2\" content=\"3 minutos\" \/>\n<script type=\"application\/ld+json\" class=\"yoast-schema-graph\">{\"@context\":\"https:\\\/\\\/schema.org\",\"@graph\":[{\"@type\":\"Article\",\"@id\":\"https:\\\/\\\/equipvinyesdabad.com\\\/es\\\/rallys\\\/joan-vinyes-jordi-mercader-hyundai-i20-rallycar-firmen-un-cinque-lloc-al-56-rallye-de-ferrol\\\/#article\",\"isPartOf\":{\"@id\":\"https:\\\/\\\/equipvinyesdabad.com\\\/es\\\/rallys\\\/joan-vinyes-jordi-mercader-hyundai-i20-rallycar-firmen-un-cinque-lloc-al-56-rallye-de-ferrol\\\/\"},\"author\":{\"name\":\"Miquel Rovira\",\"@id\":\"https:\\\/\\\/equipvinyesdabad.com\\\/es\\\/#\\\/schema\\\/person\\\/f8e5dce2dd05b52015e006560c3cdcbd\"},\"headline\":\"Joan vinyes-jordi Mercader (hyundai i20-Rallycar) firman un quinto lugar en el 56 rallye de ferrol\",\"datePublished\":\"2025-08-25T10:49:39+00:00\",\"dateModified\":\"2025-08-25T11:01:25+00:00\",\"mainEntityOfPage\":{\"@id\":\"https:\\\/\\\/equipvinyesdabad.com\\\/es\\\/rallys\\\/joan-vinyes-jordi-mercader-hyundai-i20-rallycar-firmen-un-cinque-lloc-al-56-rallye-de-ferrol\\\/\"},\"wordCount\":451,\"image\":{\"@id\":\"https:\\\/\\\/equipvinyesdabad.com\\\/es\\\/rallys\\\/joan-vinyes-jordi-mercader-hyundai-i20-rallycar-firmen-un-cinque-lloc-al-56-rallye-de-ferrol\\\/#primaryimage\"},\"thumbnailUrl\":\"https:\\\/\\\/equipvinyesdabad.com\\\/wp-content\\\/uploads\\\/2025\\\/08\\\/BP-Ferrol25-04851-2.jpg\",\"articleSection\":[\"Rallys\",\"Rallys asfalto\"],\"inLanguage\":\"es\"},{\"@type\":\"WebPage\",\"@id\":\"https:\\\/\\\/equipvinyesdabad.com\\\/es\\\/rallys\\\/joan-vinyes-jordi-mercader-hyundai-i20-rallycar-firmen-un-cinque-lloc-al-56-rallye-de-ferrol\\\/\",\"url\":\"https:\\\/\\\/equipvinyesdabad.com\\\/es\\\/rallys\\\/joan-vinyes-jordi-mercader-hyundai-i20-rallycar-firmen-un-cinque-lloc-al-56-rallye-de-ferrol\\\/\",\"name\":\"Joan vinyes-jordi Mercader (hyundai i20-Rallycar) firman un quinto lugar en el 56 rallye de ferrol - Equip vinyes dabad\",\"isPartOf\":{\"@id\":\"https:\\\/\\\/equipvinyesdabad.com\\\/es\\\/#website\"},\"primaryImageOfPage\":{\"@id\":\"https:\\\/\\\/equipvinyesdabad.com\\\/es\\\/rallys\\\/joan-vinyes-jordi-mercader-hyundai-i20-rallycar-firmen-un-cinque-lloc-al-56-rallye-de-ferrol\\\/#primaryimage\"},\"image\":{\"@id\":\"https:\\\/\\\/equipvinyesdabad.com\\\/es\\\/rallys\\\/joan-vinyes-jordi-mercader-hyundai-i20-rallycar-firmen-un-cinque-lloc-al-56-rallye-de-ferrol\\\/#primaryimage\"},\"thumbnailUrl\":\"https:\\\/\\\/equipvinyesdabad.com\\\/wp-content\\\/uploads\\\/2025\\\/08\\\/BP-Ferrol25-04851-2.jpg\",\"datePublished\":\"2025-08-25T10:49:39+00:00\",\"dateModified\":\"2025-08-25T11:01:25+00:00\",\"author\":{\"@id\":\"https:\\\/\\\/equipvinyesdabad.com\\\/es\\\/#\\\/schema\\\/person\\\/f8e5dce2dd05b52015e006560c3cdcbd\"},\"breadcrumb\":{\"@id\":\"https:\\\/\\\/equipvinyesdabad.com\\\/es\\\/rallys\\\/joan-vinyes-jordi-mercader-hyundai-i20-rallycar-firmen-un-cinque-lloc-al-56-rallye-de-ferrol\\\/#breadcrumb\"},\"inLanguage\":\"es\",\"potentialAction\":[{\"@type\":\"ReadAction\",\"target\":[\"https:\\\/\\\/equipvinyesdabad.com\\\/es\\\/rallys\\\/joan-vinyes-jordi-mercader-hyundai-i20-rallycar-firmen-un-cinque-lloc-al-56-rallye-de-ferrol\\\/\"]}]},{\"@type\":\"ImageObject\",\"inLanguage\":\"es\",\"@id\":\"https:\\\/\\\/equipvinyesdabad.com\\\/es\\\/rallys\\\/joan-vinyes-jordi-mercader-hyundai-i20-rallycar-firmen-un-cinque-lloc-al-56-rallye-de-ferrol\\\/#primaryimage\",\"url\":\"https:\\\/\\\/equipvinyesdabad.com\\\/wp-content\\\/uploads\\\/2025\\\/08\\\/BP-Ferrol25-04851-2.jpg\",\"contentUrl\":\"https:\\\/\\\/equipvinyesdabad.com\\\/wp-content\\\/uploads\\\/2025\\\/08\\\/BP-Ferrol25-04851-2.jpg\",\"width\":1242,\"height\":550,\"caption\":\"FERROL, SPAIN - AUGUST 22: CGR Rallye de Ferrol 2025 at Ferrol on August 23, 2025 in Ferrol, Galicia, Spain. (Photo by Bruno Penas)\"},{\"@type\":\"BreadcrumbList\",\"@id\":\"https:\\\/\\\/equipvinyesdabad.com\\\/es\\\/rallys\\\/joan-vinyes-jordi-mercader-hyundai-i20-rallycar-firmen-un-cinque-lloc-al-56-rallye-de-ferrol\\\/#breadcrumb\",\"itemListElement\":[{\"@type\":\"ListItem\",\"position\":1,\"name\":\"Inicio\",\"item\":\"https:\\\/\\\/equipvinyesdabad.com\\\/es\\\/\"},{\"@type\":\"ListItem\",\"position\":2,\"name\":\"Joan vinyes-jordi Mercader (hyundai i20-Rallycar) firman un quinto lugar en el 56 rallye de ferrol\"}]},{\"@type\":\"WebSite\",\"@id\":\"https:\\\/\\\/equipvinyesdabad.com\\\/es\\\/#website\",\"url\":\"https:\\\/\\\/equipvinyesdabad.com\\\/es\\\/\",\"name\":\"Equip vinyes dabad\",\"description\":\"\",\"potentialAction\":[{\"@type\":\"SearchAction\",\"target\":{\"@type\":\"EntryPoint\",\"urlTemplate\":\"https:\\\/\\\/equipvinyesdabad.com\\\/es\\\/?s={search_term_string}\"},\"query-input\":{\"@type\":\"PropertyValueSpecification\",\"valueRequired\":true,\"valueName\":\"search_term_string\"}}],\"inLanguage\":\"es\"},{\"@type\":\"Person\",\"@id\":\"https:\\\/\\\/equipvinyesdabad.com\\\/es\\\/#\\\/schema\\\/person\\\/f8e5dce2dd05b52015e006560c3cdcbd\",\"name\":\"Miquel Rovira\",\"image\":{\"@type\":\"ImageObject\",\"inLanguage\":\"es\",\"@id\":\"https:\\\/\\\/secure.gravatar.com\\\/avatar\\\/bda62a5d1f24a29564e39fc678cf8ed8aca9e1d5ea122d7c35178867f95a8822?s=96&d=mm&r=g\",\"url\":\"https:\\\/\\\/secure.gravatar.com\\\/avatar\\\/bda62a5d1f24a29564e39fc678cf8ed8aca9e1d5ea122d7c35178867f95a8822?s=96&d=mm&r=g\",\"contentUrl\":\"https:\\\/\\\/secure.gravatar.com\\\/avatar\\\/bda62a5d1f24a29564e39fc678cf8ed8aca9e1d5ea122d7c35178867f95a8822?s=96&d=mm&r=g\",\"caption\":\"Miquel Rovira\"},\"url\":\"https:\\\/\\\/equipvinyesdabad.com\\\/es\\\/author\\\/miquelrovira\\\/\"}]}<\/script>\n<!-- \/ Yoast SEO plugin. -->","yoast_head_json":{"title":"Joan vinyes-jordi Mercader (hyundai i20-Rallycar) firman un quinto lugar en el 56 rallye de ferrol - Equip vinyes dabad","robots":{"index":"index","follow":"follow","max-snippet":"max-snippet:-1","max-image-preview":"max-image-preview:large","max-video-preview":"max-video-preview:-1"},"canonical":"https:\/\/equipvinyesdabad.com\/es\/rallys\/joan-vinyes-jordi-mercader-hyundai-i20-rallycar-firmen-un-cinque-lloc-al-56-rallye-de-ferrol\/","og_locale":"es_ES","og_type":"article","og_title":"Joan vinyes-jordi Mercader (hyundai i20-Rallycar) firman un quinto lugar en el 56 rallye de ferrol - Equip vinyes dabad","og_description":"La prueba tuvo una espectacular inscripci\u00f3n de 123 equipos participantes Despu\u00e9s de la parada de las competiciones en la \u00e9poca de verano, Joan Vinyes y Jordi Mercader retomaron el pulso...","og_url":"https:\/\/equipvinyesdabad.com\/es\/rallys\/joan-vinyes-jordi-mercader-hyundai-i20-rallycar-firmen-un-cinque-lloc-al-56-rallye-de-ferrol\/","og_site_name":"Equip vinyes dabad","article_published_time":"2025-08-25T10:49:39+00:00","article_modified_time":"2025-08-25T11:01:25+00:00","og_image":[{"width":1242,"height":550,"url":"https:\/\/equipvinyesdabad.com\/wp-content\/uploads\/2025\/08\/BP-Ferrol25-04851-2.jpg","type":"image\/jpeg"}],"author":"Miquel Rovira","twitter_card":"summary_large_image","twitter_misc":{"Escrito por":"Miquel Rovira","Tiempo de lectura":"3 minutos"},"schema":{"@context":"https:\/\/schema.org","@graph":[{"@type":"Article","@id":"https:\/\/equipvinyesdabad.com\/es\/rallys\/joan-vinyes-jordi-mercader-hyundai-i20-rallycar-firmen-un-cinque-lloc-al-56-rallye-de-ferrol\/#article","isPartOf":{"@id":"https:\/\/equipvinyesdabad.com\/es\/rallys\/joan-vinyes-jordi-mercader-hyundai-i20-rallycar-firmen-un-cinque-lloc-al-56-rallye-de-ferrol\/"},"author":{"name":"Miquel Rovira","@id":"https:\/\/equipvinyesdabad.com\/es\/#\/schema\/person\/f8e5dce2dd05b52015e006560c3cdcbd"},"headline":"Joan vinyes-jordi Mercader (hyundai i20-Rallycar) firman un quinto lugar en el 56 rallye de ferrol","datePublished":"2025-08-25T10:49:39+00:00","dateModified":"2025-08-25T11:01:25+00:00","mainEntityOfPage":{"@id":"https:\/\/equipvinyesdabad.com\/es\/rallys\/joan-vinyes-jordi-mercader-hyundai-i20-rallycar-firmen-un-cinque-lloc-al-56-rallye-de-ferrol\/"},"wordCount":451,"image":{"@id":"https:\/\/equipvinyesdabad.com\/es\/rallys\/joan-vinyes-jordi-mercader-hyundai-i20-rallycar-firmen-un-cinque-lloc-al-56-rallye-de-ferrol\/#primaryimage"},"thumbnailUrl":"https:\/\/equipvinyesdabad.com\/wp-content\/uploads\/2025\/08\/BP-Ferrol25-04851-2.jpg","articleSection":["Rallys","Rallys asfalto"],"inLanguage":"es"},{"@type":"WebPage","@id":"https:\/\/equipvinyesdabad.com\/es\/rallys\/joan-vinyes-jordi-mercader-hyundai-i20-rallycar-firmen-un-cinque-lloc-al-56-rallye-de-ferrol\/","url":"https:\/\/equipvinyesdabad.com\/es\/rallys\/joan-vinyes-jordi-mercader-hyundai-i20-rallycar-firmen-un-cinque-lloc-al-56-rallye-de-ferrol\/","name":"Joan vinyes-jordi Mercader (hyundai i20-Rallycar) firman un quinto lugar en el 56 rallye de ferrol - Equip vinyes dabad","isPartOf":{"@id":"https:\/\/equipvinyesdabad.com\/es\/#website"},"primaryImageOfPage":{"@id":"https:\/\/equipvinyesdabad.com\/es\/rallys\/joan-vinyes-jordi-mercader-hyundai-i20-rallycar-firmen-un-cinque-lloc-al-56-rallye-de-ferrol\/#primaryimage"},"image":{"@id":"https:\/\/equipvinyesdabad.com\/es\/rallys\/joan-vinyes-jordi-mercader-hyundai-i20-rallycar-firmen-un-cinque-lloc-al-56-rallye-de-ferrol\/#primaryimage"},"thumbnailUrl":"https:\/\/equipvinyesdabad.com\/wp-content\/uploads\/2025\/08\/BP-Ferrol25-04851-2.jpg","datePublished":"2025-08-25T10:49:39+00:00","dateModified":"2025-08-25T11:01:25+00:00","author":{"@id":"https:\/\/equipvinyesdabad.com\/es\/#\/schema\/person\/f8e5dce2dd05b52015e006560c3cdcbd"},"breadcrumb":{"@id":"https:\/\/equipvinyesdabad.com\/es\/rallys\/joan-vinyes-jordi-mercader-hyundai-i20-rallycar-firmen-un-cinque-lloc-al-56-rallye-de-ferrol\/#breadcrumb"},"inLanguage":"es","potentialAction":[{"@type":"ReadAction","target":["https:\/\/equipvinyesdabad.com\/es\/rallys\/joan-vinyes-jordi-mercader-hyundai-i20-rallycar-firmen-un-cinque-lloc-al-56-rallye-de-ferrol\/"]}]},{"@type":"ImageObject","inLanguage":"es","@id":"https:\/\/equipvinyesdabad.com\/es\/rallys\/joan-vinyes-jordi-mercader-hyundai-i20-rallycar-firmen-un-cinque-lloc-al-56-rallye-de-ferrol\/#primaryimage","url":"https:\/\/equipvinyesdabad.com\/wp-content\/uploads\/2025\/08\/BP-Ferrol25-04851-2.jpg","contentUrl":"https:\/\/equipvinyesdabad.com\/wp-content\/uploads\/2025\/08\/BP-Ferrol25-04851-2.jpg","width":1242,"height":550,"caption":"FERROL, SPAIN - AUGUST 22: CGR Rallye de Ferrol 2025 at Ferrol on August 23, 2025 in Ferrol, Galicia, Spain. (Photo by Bruno Penas)"},{"@type":"BreadcrumbList","@id":"https:\/\/equipvinyesdabad.com\/es\/rallys\/joan-vinyes-jordi-mercader-hyundai-i20-rallycar-firmen-un-cinque-lloc-al-56-rallye-de-ferrol\/#breadcrumb","itemListElement":[{"@type":"ListItem","position":1,"name":"Inicio","item":"https:\/\/equipvinyesdabad.com\/es\/"},{"@type":"ListItem","position":2,"name":"Joan vinyes-jordi Mercader (hyundai i20-Rallycar) firman un quinto lugar en el 56 rallye de ferrol"}]},{"@type":"WebSite","@id":"https:\/\/equipvinyesdabad.com\/es\/#website","url":"https:\/\/equipvinyesdabad.com\/es\/","name":"Equip vinyes dabad","description":"","potentialAction":[{"@type":"SearchAction","target":{"@type":"EntryPoint","urlTemplate":"https:\/\/equipvinyesdabad.com\/es\/?s={search_term_string}"},"query-input":{"@type":"PropertyValueSpecification","valueRequired":true,"valueName":"search_term_string"}}],"inLanguage":"es"},{"@type":"Person","@id":"https:\/\/equipvinyesdabad.com\/es\/#\/schema\/person\/f8e5dce2dd05b52015e006560c3cdcbd","name":"Miquel Rovira","image":{"@type":"ImageObject","inLanguage":"es","@id":"https:\/\/secure.gravatar.com\/avatar\/bda62a5d1f24a29564e39fc678cf8ed8aca9e1d5ea122d7c35178867f95a8822?s=96&d=mm&r=g","url":"https:\/\/secure.gravatar.com\/avatar\/bda62a5d1f24a29564e39fc678cf8ed8aca9e1d5ea122d7c35178867f95a8822?s=96&d=mm&r=g","contentUrl":"https:\/\/secure.gravatar.com\/avatar\/bda62a5d1f24a29564e39fc678cf8ed8aca9e1d5ea122d7c35178867f95a8822?s=96&d=mm&r=g","caption":"Miquel Rovira"},"url":"https:\/\/equipvinyesdabad.com\/es\/author\/miquelrovira\/"}]}},"_links":{"self":[{"href":"https:\/\/equipvinyesdabad.com\/es\/wp-json\/wp\/v2\/posts\/5173","targetHints":{"allow":["GET"]}}],"collection":[{"href":"https:\/\/equipvinyesdabad.com\/es\/wp-json\/wp\/v2\/posts"}],"about":[{"href":"https:\/\/equipvinyesdabad.com\/es\/wp-json\/wp\/v2\/types\/post"}],"author":[{"embeddable":true,"href":"https:\/\/equipvinyesdabad.com\/es\/wp-json\/wp\/v2\/users\/2"}],"replies":[{"embeddable":true,"href":"https:\/\/equipvinyesdabad.com\/es\/wp-json\/wp\/v2\/comments?post=5173"}],"version-history":[{"count":1,"href":"https:\/\/equipvinyesdabad.com\/es\/wp-json\/wp\/v2\/posts\/5173\/revisions"}],"predecessor-version":[{"id":5175,"href":"https:\/\/equipvinyesdabad.com\/es\/wp-json\/wp\/v2\/posts\/5173\/revisions\/5175"}],"wp:featuredmedia":[{"embeddable":true,"href":"https:\/\/equipvinyesdabad.com\/es\/wp-json\/wp\/v2\/media\/5169"}],"wp:attachment":[{"href":"https:\/\/equipvinyesdabad.com\/es\/wp-json\/wp\/v2\/media?parent=5173"}],"wp:term":[{"taxonomy":"category","embeddable":true,"href":"https:\/\/equipvinyesdabad.com\/es\/wp-json\/wp\/v2\/categories?post=5173"},{"taxonomy":"post_tag","embeddable":true,"href":"https:\/\/equipvinyesdabad.com\/es\/wp-json\/wp\/v2\/tags?post=5173"}],"curies":[{"name":"wp","href":"https:\/\/api.w.org\/{rel}","templated":true}]}}