{"id":5182,"date":"2025-09-15T10:08:51","date_gmt":"2025-09-15T10:08:51","guid":{"rendered":"https:\/\/equipvinyesdabad.com\/sin-categorizar\/joan-vinyes-jordi-mercader-entre-els-millors-al-rally-terra-de-galicia\/"},"modified":"2025-09-15T10:15:30","modified_gmt":"2025-09-15T10:15:30","slug":"joan-vinyes-jordi-mercader-entre-els-millors-al-rally-terra-de-galicia","status":"publish","type":"post","link":"https:\/\/equipvinyesdabad.com\/es\/rallys\/joan-vinyes-jordi-mercader-entre-els-millors-al-rally-terra-de-galicia\/","title":{"rendered":"Joan Vinyes-Jordi Mercader entre los mejores en el rally terra de galicia"},"content":{"rendered":"\n<p>El equipo formado por Joan Vinyes y Jordi Mercader volvieron a competir en tierras gallegas pocos d\u00edas despu\u00e9s de haber disputado recientemente el Rally de Ferrol. Esta vez, pero condujeron el Hyundai i20-Rallycar sobre los tramos de tierra de la primera edici\u00f3n del Rally Terra de Galicia, prueba que tambi\u00e9n se estrenaba dentro del calendario 2025 del Campeonato de Espa\u00f1a de Rallys de Tierra 2025.<\/p>\n\n\n\n<p>Las cosas no empezaron mucho bien para el equipo R-Technology. En la jornada de test del mi\u00e9rcoles para probar el coche con las especificaciones t\u00e9cnicas de tierra, una salida de pista de Joan Vinyes-Jordi Mercader, caus\u00f3 da\u00f1os en una de las ruedas, lo cual impidi\u00f3 poder completar la jornada y, por otro lado, dio trabajo extra al equipo de mec\u00e1nicos para dejar de nuevo impecable el Hyundai i20 para poder tomar la salida del rally con todas las garant\u00edas.<\/p>\n\n\n\n<p>As\u00ed, Vi\u00f1as-Mercader pudieron probar de nuevo el coche en el shakedown y el tramo de clasificaci\u00f3n para escoger la posici\u00f3n de salida, con una cuarta posici\u00f3n que les garantizaba una buena posici\u00f3n para escoger el orden de salida en los tramos. Tambi\u00e9n el viernes se disput\u00f3 una espectacular superespecial que tuvo por escenario el circuito de autocr\u00f2s de Arteixo, adem\u00e1s de la tradicional ceremonia de salida en el centro de la plaza Maria Pita de la Coru\u00f1a.<\/p>\n\n\n\n<p>Con el soporte de Auto Centre Principat, este supuso el segundo rally de la temporada en el cual Joan Vinyes y Jordi Mercader compitieron en la modalidad de rallys de tierra, despu\u00e9s de haber participado el pasado mas de marzo en el rally de Lorca donde fue sexto y vencedor de la categor\u00eda Silver.<\/p>\n\n\n\n<p>La jornada del s\u00e1bado tuvo un recorrido de 380,22 km de los cuales 100,84 correspondieron a los tramos cronometrados, con centro neur\u00e1lgico en la localidad de Carballo. Vinyes-Mercader estuvieron en todo momento entre los m\u00e1s r\u00e1pidos, en unos tramos muy t\u00e9cnicos y exigentes, como \u00e9l mismo reconoc\u00eda al finalizar la prueba <strong>\u201cTodo y el susto que tuvimos el mi\u00e9rcoles en el test, hemos salido a los tramos con mucha confianza y esto nos ha permitido correr mucho. Ha sido una lucha muy intensa con los otros equipos y hemos estado muy concentrados durante todo el d\u00eda. Los tramos eran incre\u00edbles y muy dif\u00edciles. Estoy muy contento de c\u00f3mo hemos competido, por lo cual valoro muy positivamente el cuarto lugar final en un certamen donde la competitividad es muy alta y nosotros hac\u00eda unos cu\u00e1ntos meses que no disput\u00e1bamos un rally de tierra. Por eso le doy mucho de valor a este resultado\u201d.<\/strong><\/p>\n","protected":false},"excerpt":{"rendered":"<p>El equipo formado por Joan Vinyes y Jordi Mercader volvieron a competir en tierras gallegas pocos d\u00edas despu\u00e9s de haber disputado recientemente el Rally de Ferrol. Esta vez, pero condujeron&#8230;<\/p>\n","protected":false},"author":2,"featured_media":5180,"comment_status":"closed","ping_status":"closed","sticky":false,"template":"","format":"standard","meta":{"_kadence_starter_templates_imported_post":false,"_kad_post_transparent":"","_kad_post_title":"","_kad_post_layout":"","_kad_post_sidebar_id":"","_kad_post_content_style":"","_kad_post_vertical_padding":"","_kad_post_feature":"","_kad_post_feature_position":"","_kad_post_header":false,"_kad_post_footer":false,"_kad_post_classname":"","footnotes":""},"categories":[46,47],"tags":[],"class_list":["post-5182","post","type-post","status-publish","format-standard","has-post-thumbnail","hentry","category-rallys","category-rallys-tierra"],"yoast_head":"<!-- This site is optimized with the Yoast SEO plugin v27.4 - https:\/\/yoast.com\/product\/yoast-seo-wordpress\/ -->\n<title>Joan Vinyes-Jordi Mercader entre los mejores en el rally terra de galicia - Equip vinyes dabad<\/title>\n<meta name=\"robots\" content=\"index, follow, max-snippet:-1, max-image-preview:large, max-video-preview:-1\" \/>\n<link rel=\"canonical\" href=\"https:\/\/equipvinyesdabad.com\/es\/rallys\/joan-vinyes-jordi-mercader-entre-els-millors-al-rally-terra-de-galicia\/\" \/>\n<meta property=\"og:locale\" content=\"es_ES\" \/>\n<meta property=\"og:type\" content=\"article\" \/>\n<meta property=\"og:title\" content=\"Joan Vinyes-Jordi Mercader entre los mejores en el rally terra de galicia - Equip vinyes dabad\" \/>\n<meta property=\"og:description\" content=\"El equipo formado por Joan Vinyes y Jordi Mercader volvieron a competir en tierras gallegas pocos d\u00edas despu\u00e9s de haber disputado recientemente el Rally de Ferrol. Esta vez, pero condujeron...\" \/>\n<meta property=\"og:url\" content=\"https:\/\/equipvinyesdabad.com\/es\/rallys\/joan-vinyes-jordi-mercader-entre-els-millors-al-rally-terra-de-galicia\/\" \/>\n<meta property=\"og:site_name\" content=\"Equip vinyes dabad\" \/>\n<meta property=\"article:published_time\" content=\"2025-09-15T10:08:51+00:00\" \/>\n<meta property=\"article:modified_time\" content=\"2025-09-15T10:15:30+00:00\" \/>\n<meta property=\"og:image\" content=\"https:\/\/equipvinyesdabad.com\/wp-content\/uploads\/2025\/09\/BP-RallyGalicia25-5882.jpg\" \/>\n\t<meta property=\"og:image:width\" content=\"1242\" \/>\n\t<meta property=\"og:image:height\" content=\"550\" \/>\n\t<meta property=\"og:image:type\" content=\"image\/jpeg\" \/>\n<meta name=\"author\" content=\"Miquel Rovira\" \/>\n<meta name=\"twitter:card\" content=\"summary_large_image\" \/>\n<meta name=\"twitter:label1\" content=\"Escrito por\" \/>\n\t<meta name=\"twitter:data1\" content=\"Miquel Rovira\" \/>\n\t<meta name=\"twitter:label2\" content=\"Tiempo de lectura\" \/>\n\t<meta name=\"twitter:data2\" content=\"3 minutos\" \/>\n<script type=\"application\/ld+json\" class=\"yoast-schema-graph\">{\"@context\":\"https:\\\/\\\/schema.org\",\"@graph\":[{\"@type\":\"Article\",\"@id\":\"https:\\\/\\\/equipvinyesdabad.com\\\/es\\\/rallys\\\/joan-vinyes-jordi-mercader-entre-els-millors-al-rally-terra-de-galicia\\\/#article\",\"isPartOf\":{\"@id\":\"https:\\\/\\\/equipvinyesdabad.com\\\/es\\\/rallys\\\/joan-vinyes-jordi-mercader-entre-els-millors-al-rally-terra-de-galicia\\\/\"},\"author\":{\"name\":\"Miquel Rovira\",\"@id\":\"https:\\\/\\\/equipvinyesdabad.com\\\/es\\\/#\\\/schema\\\/person\\\/f8e5dce2dd05b52015e006560c3cdcbd\"},\"headline\":\"Joan Vinyes-Jordi Mercader entre los mejores en el rally terra de galicia\",\"datePublished\":\"2025-09-15T10:08:51+00:00\",\"dateModified\":\"2025-09-15T10:15:30+00:00\",\"mainEntityOfPage\":{\"@id\":\"https:\\\/\\\/equipvinyesdabad.com\\\/es\\\/rallys\\\/joan-vinyes-jordi-mercader-entre-els-millors-al-rally-terra-de-galicia\\\/\"},\"wordCount\":471,\"image\":{\"@id\":\"https:\\\/\\\/equipvinyesdabad.com\\\/es\\\/rallys\\\/joan-vinyes-jordi-mercader-entre-els-millors-al-rally-terra-de-galicia\\\/#primaryimage\"},\"thumbnailUrl\":\"https:\\\/\\\/equipvinyesdabad.com\\\/wp-content\\\/uploads\\\/2025\\\/09\\\/BP-RallyGalicia25-5882.jpg\",\"articleSection\":[\"Rallys\",\"Rallys tierra\"],\"inLanguage\":\"es\"},{\"@type\":\"WebPage\",\"@id\":\"https:\\\/\\\/equipvinyesdabad.com\\\/es\\\/rallys\\\/joan-vinyes-jordi-mercader-entre-els-millors-al-rally-terra-de-galicia\\\/\",\"url\":\"https:\\\/\\\/equipvinyesdabad.com\\\/es\\\/rallys\\\/joan-vinyes-jordi-mercader-entre-els-millors-al-rally-terra-de-galicia\\\/\",\"name\":\"Joan Vinyes-Jordi Mercader entre los mejores en el rally terra de galicia - Equip vinyes dabad\",\"isPartOf\":{\"@id\":\"https:\\\/\\\/equipvinyesdabad.com\\\/es\\\/#website\"},\"primaryImageOfPage\":{\"@id\":\"https:\\\/\\\/equipvinyesdabad.com\\\/es\\\/rallys\\\/joan-vinyes-jordi-mercader-entre-els-millors-al-rally-terra-de-galicia\\\/#primaryimage\"},\"image\":{\"@id\":\"https:\\\/\\\/equipvinyesdabad.com\\\/es\\\/rallys\\\/joan-vinyes-jordi-mercader-entre-els-millors-al-rally-terra-de-galicia\\\/#primaryimage\"},\"thumbnailUrl\":\"https:\\\/\\\/equipvinyesdabad.com\\\/wp-content\\\/uploads\\\/2025\\\/09\\\/BP-RallyGalicia25-5882.jpg\",\"datePublished\":\"2025-09-15T10:08:51+00:00\",\"dateModified\":\"2025-09-15T10:15:30+00:00\",\"author\":{\"@id\":\"https:\\\/\\\/equipvinyesdabad.com\\\/es\\\/#\\\/schema\\\/person\\\/f8e5dce2dd05b52015e006560c3cdcbd\"},\"breadcrumb\":{\"@id\":\"https:\\\/\\\/equipvinyesdabad.com\\\/es\\\/rallys\\\/joan-vinyes-jordi-mercader-entre-els-millors-al-rally-terra-de-galicia\\\/#breadcrumb\"},\"inLanguage\":\"es\",\"potentialAction\":[{\"@type\":\"ReadAction\",\"target\":[\"https:\\\/\\\/equipvinyesdabad.com\\\/es\\\/rallys\\\/joan-vinyes-jordi-mercader-entre-els-millors-al-rally-terra-de-galicia\\\/\"]}]},{\"@type\":\"ImageObject\",\"inLanguage\":\"es\",\"@id\":\"https:\\\/\\\/equipvinyesdabad.com\\\/es\\\/rallys\\\/joan-vinyes-jordi-mercader-entre-els-millors-al-rally-terra-de-galicia\\\/#primaryimage\",\"url\":\"https:\\\/\\\/equipvinyesdabad.com\\\/wp-content\\\/uploads\\\/2025\\\/09\\\/BP-RallyGalicia25-5882.jpg\",\"contentUrl\":\"https:\\\/\\\/equipvinyesdabad.com\\\/wp-content\\\/uploads\\\/2025\\\/09\\\/BP-RallyGalicia25-5882.jpg\",\"width\":1242,\"height\":550,\"caption\":\"CARBALLO, SPAIN - SEPTEMBER 06: Rallye Tierra de Galicia 1st Edition on September 06, 2025 in Carballo, Spain. (Photo by Bruno Penas)\"},{\"@type\":\"BreadcrumbList\",\"@id\":\"https:\\\/\\\/equipvinyesdabad.com\\\/es\\\/rallys\\\/joan-vinyes-jordi-mercader-entre-els-millors-al-rally-terra-de-galicia\\\/#breadcrumb\",\"itemListElement\":[{\"@type\":\"ListItem\",\"position\":1,\"name\":\"Inicio\",\"item\":\"https:\\\/\\\/equipvinyesdabad.com\\\/es\\\/\"},{\"@type\":\"ListItem\",\"position\":2,\"name\":\"Joan Vinyes-Jordi Mercader entre los mejores en el rally terra de galicia\"}]},{\"@type\":\"WebSite\",\"@id\":\"https:\\\/\\\/equipvinyesdabad.com\\\/es\\\/#website\",\"url\":\"https:\\\/\\\/equipvinyesdabad.com\\\/es\\\/\",\"name\":\"Equip vinyes dabad\",\"description\":\"\",\"potentialAction\":[{\"@type\":\"SearchAction\",\"target\":{\"@type\":\"EntryPoint\",\"urlTemplate\":\"https:\\\/\\\/equipvinyesdabad.com\\\/es\\\/?s={search_term_string}\"},\"query-input\":{\"@type\":\"PropertyValueSpecification\",\"valueRequired\":true,\"valueName\":\"search_term_string\"}}],\"inLanguage\":\"es\"},{\"@type\":\"Person\",\"@id\":\"https:\\\/\\\/equipvinyesdabad.com\\\/es\\\/#\\\/schema\\\/person\\\/f8e5dce2dd05b52015e006560c3cdcbd\",\"name\":\"Miquel Rovira\",\"image\":{\"@type\":\"ImageObject\",\"inLanguage\":\"es\",\"@id\":\"https:\\\/\\\/secure.gravatar.com\\\/avatar\\\/bda62a5d1f24a29564e39fc678cf8ed8aca9e1d5ea122d7c35178867f95a8822?s=96&d=mm&r=g\",\"url\":\"https:\\\/\\\/secure.gravatar.com\\\/avatar\\\/bda62a5d1f24a29564e39fc678cf8ed8aca9e1d5ea122d7c35178867f95a8822?s=96&d=mm&r=g\",\"contentUrl\":\"https:\\\/\\\/secure.gravatar.com\\\/avatar\\\/bda62a5d1f24a29564e39fc678cf8ed8aca9e1d5ea122d7c35178867f95a8822?s=96&d=mm&r=g\",\"caption\":\"Miquel Rovira\"},\"url\":\"https:\\\/\\\/equipvinyesdabad.com\\\/es\\\/author\\\/miquelrovira\\\/\"}]}<\/script>\n<!-- \/ Yoast SEO plugin. -->","yoast_head_json":{"title":"Joan Vinyes-Jordi Mercader entre los mejores en el rally terra de galicia - Equip vinyes dabad","robots":{"index":"index","follow":"follow","max-snippet":"max-snippet:-1","max-image-preview":"max-image-preview:large","max-video-preview":"max-video-preview:-1"},"canonical":"https:\/\/equipvinyesdabad.com\/es\/rallys\/joan-vinyes-jordi-mercader-entre-els-millors-al-rally-terra-de-galicia\/","og_locale":"es_ES","og_type":"article","og_title":"Joan Vinyes-Jordi Mercader entre los mejores en el rally terra de galicia - Equip vinyes dabad","og_description":"El equipo formado por Joan Vinyes y Jordi Mercader volvieron a competir en tierras gallegas pocos d\u00edas despu\u00e9s de haber disputado recientemente el Rally de Ferrol. Esta vez, pero condujeron...","og_url":"https:\/\/equipvinyesdabad.com\/es\/rallys\/joan-vinyes-jordi-mercader-entre-els-millors-al-rally-terra-de-galicia\/","og_site_name":"Equip vinyes dabad","article_published_time":"2025-09-15T10:08:51+00:00","article_modified_time":"2025-09-15T10:15:30+00:00","og_image":[{"width":1242,"height":550,"url":"https:\/\/equipvinyesdabad.com\/wp-content\/uploads\/2025\/09\/BP-RallyGalicia25-5882.jpg","type":"image\/jpeg"}],"author":"Miquel Rovira","twitter_card":"summary_large_image","twitter_misc":{"Escrito por":"Miquel Rovira","Tiempo de lectura":"3 minutos"},"schema":{"@context":"https:\/\/schema.org","@graph":[{"@type":"Article","@id":"https:\/\/equipvinyesdabad.com\/es\/rallys\/joan-vinyes-jordi-mercader-entre-els-millors-al-rally-terra-de-galicia\/#article","isPartOf":{"@id":"https:\/\/equipvinyesdabad.com\/es\/rallys\/joan-vinyes-jordi-mercader-entre-els-millors-al-rally-terra-de-galicia\/"},"author":{"name":"Miquel Rovira","@id":"https:\/\/equipvinyesdabad.com\/es\/#\/schema\/person\/f8e5dce2dd05b52015e006560c3cdcbd"},"headline":"Joan Vinyes-Jordi Mercader entre los mejores en el rally terra de galicia","datePublished":"2025-09-15T10:08:51+00:00","dateModified":"2025-09-15T10:15:30+00:00","mainEntityOfPage":{"@id":"https:\/\/equipvinyesdabad.com\/es\/rallys\/joan-vinyes-jordi-mercader-entre-els-millors-al-rally-terra-de-galicia\/"},"wordCount":471,"image":{"@id":"https:\/\/equipvinyesdabad.com\/es\/rallys\/joan-vinyes-jordi-mercader-entre-els-millors-al-rally-terra-de-galicia\/#primaryimage"},"thumbnailUrl":"https:\/\/equipvinyesdabad.com\/wp-content\/uploads\/2025\/09\/BP-RallyGalicia25-5882.jpg","articleSection":["Rallys","Rallys tierra"],"inLanguage":"es"},{"@type":"WebPage","@id":"https:\/\/equipvinyesdabad.com\/es\/rallys\/joan-vinyes-jordi-mercader-entre-els-millors-al-rally-terra-de-galicia\/","url":"https:\/\/equipvinyesdabad.com\/es\/rallys\/joan-vinyes-jordi-mercader-entre-els-millors-al-rally-terra-de-galicia\/","name":"Joan Vinyes-Jordi Mercader entre los mejores en el rally terra de galicia - Equip vinyes dabad","isPartOf":{"@id":"https:\/\/equipvinyesdabad.com\/es\/#website"},"primaryImageOfPage":{"@id":"https:\/\/equipvinyesdabad.com\/es\/rallys\/joan-vinyes-jordi-mercader-entre-els-millors-al-rally-terra-de-galicia\/#primaryimage"},"image":{"@id":"https:\/\/equipvinyesdabad.com\/es\/rallys\/joan-vinyes-jordi-mercader-entre-els-millors-al-rally-terra-de-galicia\/#primaryimage"},"thumbnailUrl":"https:\/\/equipvinyesdabad.com\/wp-content\/uploads\/2025\/09\/BP-RallyGalicia25-5882.jpg","datePublished":"2025-09-15T10:08:51+00:00","dateModified":"2025-09-15T10:15:30+00:00","author":{"@id":"https:\/\/equipvinyesdabad.com\/es\/#\/schema\/person\/f8e5dce2dd05b52015e006560c3cdcbd"},"breadcrumb":{"@id":"https:\/\/equipvinyesdabad.com\/es\/rallys\/joan-vinyes-jordi-mercader-entre-els-millors-al-rally-terra-de-galicia\/#breadcrumb"},"inLanguage":"es","potentialAction":[{"@type":"ReadAction","target":["https:\/\/equipvinyesdabad.com\/es\/rallys\/joan-vinyes-jordi-mercader-entre-els-millors-al-rally-terra-de-galicia\/"]}]},{"@type":"ImageObject","inLanguage":"es","@id":"https:\/\/equipvinyesdabad.com\/es\/rallys\/joan-vinyes-jordi-mercader-entre-els-millors-al-rally-terra-de-galicia\/#primaryimage","url":"https:\/\/equipvinyesdabad.com\/wp-content\/uploads\/2025\/09\/BP-RallyGalicia25-5882.jpg","contentUrl":"https:\/\/equipvinyesdabad.com\/wp-content\/uploads\/2025\/09\/BP-RallyGalicia25-5882.jpg","width":1242,"height":550,"caption":"CARBALLO, SPAIN - SEPTEMBER 06: Rallye Tierra de Galicia 1st Edition on September 06, 2025 in Carballo, Spain. (Photo by Bruno Penas)"},{"@type":"BreadcrumbList","@id":"https:\/\/equipvinyesdabad.com\/es\/rallys\/joan-vinyes-jordi-mercader-entre-els-millors-al-rally-terra-de-galicia\/#breadcrumb","itemListElement":[{"@type":"ListItem","position":1,"name":"Inicio","item":"https:\/\/equipvinyesdabad.com\/es\/"},{"@type":"ListItem","position":2,"name":"Joan Vinyes-Jordi Mercader entre los mejores en el rally terra de galicia"}]},{"@type":"WebSite","@id":"https:\/\/equipvinyesdabad.com\/es\/#website","url":"https:\/\/equipvinyesdabad.com\/es\/","name":"Equip vinyes dabad","description":"","potentialAction":[{"@type":"SearchAction","target":{"@type":"EntryPoint","urlTemplate":"https:\/\/equipvinyesdabad.com\/es\/?s={search_term_string}"},"query-input":{"@type":"PropertyValueSpecification","valueRequired":true,"valueName":"search_term_string"}}],"inLanguage":"es"},{"@type":"Person","@id":"https:\/\/equipvinyesdabad.com\/es\/#\/schema\/person\/f8e5dce2dd05b52015e006560c3cdcbd","name":"Miquel Rovira","image":{"@type":"ImageObject","inLanguage":"es","@id":"https:\/\/secure.gravatar.com\/avatar\/bda62a5d1f24a29564e39fc678cf8ed8aca9e1d5ea122d7c35178867f95a8822?s=96&d=mm&r=g","url":"https:\/\/secure.gravatar.com\/avatar\/bda62a5d1f24a29564e39fc678cf8ed8aca9e1d5ea122d7c35178867f95a8822?s=96&d=mm&r=g","contentUrl":"https:\/\/secure.gravatar.com\/avatar\/bda62a5d1f24a29564e39fc678cf8ed8aca9e1d5ea122d7c35178867f95a8822?s=96&d=mm&r=g","caption":"Miquel Rovira"},"url":"https:\/\/equipvinyesdabad.com\/es\/author\/miquelrovira\/"}]}},"_links":{"self":[{"href":"https:\/\/equipvinyesdabad.com\/es\/wp-json\/wp\/v2\/posts\/5182","targetHints":{"allow":["GET"]}}],"collection":[{"href":"https:\/\/equipvinyesdabad.com\/es\/wp-json\/wp\/v2\/posts"}],"about":[{"href":"https:\/\/equipvinyesdabad.com\/es\/wp-json\/wp\/v2\/types\/post"}],"author":[{"embeddable":true,"href":"https:\/\/equipvinyesdabad.com\/es\/wp-json\/wp\/v2\/users\/2"}],"replies":[{"embeddable":true,"href":"https:\/\/equipvinyesdabad.com\/es\/wp-json\/wp\/v2\/comments?post=5182"}],"version-history":[{"count":3,"href":"https:\/\/equipvinyesdabad.com\/es\/wp-json\/wp\/v2\/posts\/5182\/revisions"}],"predecessor-version":[{"id":5190,"href":"https:\/\/equipvinyesdabad.com\/es\/wp-json\/wp\/v2\/posts\/5182\/revisions\/5190"}],"wp:featuredmedia":[{"embeddable":true,"href":"https:\/\/equipvinyesdabad.com\/es\/wp-json\/wp\/v2\/media\/5180"}],"wp:attachment":[{"href":"https:\/\/equipvinyesdabad.com\/es\/wp-json\/wp\/v2\/media?parent=5182"}],"wp:term":[{"taxonomy":"category","embeddable":true,"href":"https:\/\/equipvinyesdabad.com\/es\/wp-json\/wp\/v2\/categories?post=5182"},{"taxonomy":"post_tag","embeddable":true,"href":"https:\/\/equipvinyesdabad.com\/es\/wp-json\/wp\/v2\/tags?post=5182"}],"curies":[{"name":"wp","href":"https:\/\/api.w.org\/{rel}","templated":true}]}}